{"id":920,"date":"2023-01-12T12:07:53","date_gmt":"2023-01-12T12:07:53","guid":{"rendered":"https:\/\/f-group.hu\/?p=920"},"modified":"2023-02-21T12:08:12","modified_gmt":"2023-02-21T12:08:12","slug":"legiosok-kleinheisler-laszlo-a-panathinaikosznal-folytatja-hivatalos","status":"publish","type":"post","link":"https:\/\/www.f-group.hu\/hu\/2023\/01\/12\/legiosok-kleinheisler-laszlo-a-panathinaikosznal-folytatja-hivatalos\/","title":{"rendered":"L\u00e9gi\u00f3sok: Kleinheisler L\u00e1szl\u00f3 a Panathinaikoszn\u00e1l folytatja \u2013 hivatalos"},"content":{"rendered":"<p>A g\u00f6r\u00f6g listavezet\u0151 Panathinaikosz hivatalos oldal\u00e1n jelentette be, hogy szerz\u0151dtette a 28 \u00e9ves, 44-szeres magyar v\u00e1logatott Kleinheisler L\u00e1szl\u00f3t.<\/p>\n\n\n\n<p>Ahogyan arr\u00f3l besz\u00e1moltunk, Kleinheisler L\u00e1szl\u00f3 szerda d\u00e9lut\u00e1n \u00e9rkezett meg Ath\u00e9nba, ahol az utols\u00f3 sim\u00edt\u00e1sokat is elv\u00e9gezt\u00e9k \u00faj szerz\u0151d\u00e9se kapcs\u00e1n, valamint r\u00e9szt vett az ilyenkor k\u00f6telez\u0151 orvosi vizsg\u00e1latokon. A 44-szeres magyar v\u00e1logatott k\u00f6z\u00e9pp\u00e1ly\u00e1s \u2013 aki h\u00e1rom \u00e9s f\u00e9l \u00e9vre \u00edrt al\u00e1 \u2013 szerz\u0151dtet\u00e9s\u00e9t cs\u00fct\u00f6rt\u00f6k\u00f6n jelentette be hivatalosan a klub \u00e9s m\u00e1r egy\u00fctt is edz a csapattal.<\/p>\n\n\n\n<p>\u201eNagyon \u00f6r\u00fcl\u00f6k, hogy egy ilyen nagy hagyom\u00e1nyokkal b\u00fcszk\u00e9lked\u0151 klubhoz tudtam szerz\u0151dni, mint a Panathinaikosz. Tiszt\u00e1ban vagyok vele, hogy Pusk\u00e1s Ferenc m\u00e9ly nyomokat hagyott a klub t\u00f6rt\u00e9nelm\u00e9ben. Hatalmas felel\u0151ss\u00e9g itt futballozni, az \u0151 \u00f6r\u00f6ks\u00e9g\u00e9hez m\u00e9lt\u00f3 m\u00f3don szeretn\u00e9k \u00e9n is bizony\u00edtani a Panathinaikoszban. B\u00edzom benne, hogy a klubv\u00e1lt\u00e1somb\u00f3l a v\u00e1logatott is profit\u00e1lhat \u00e9s m\u00e9g ink\u00e1bb seg\u00edteni tudom a nemzeti csapatot, ha a sz\u00f6vets\u00e9gi kapit\u00e1ny sz\u00e1m\u00edt r\u00e1m&#8221; \u2013 nyilatkozta a Nemzeti Sportnak az \u00e1tigazol\u00e1sa kapcs\u00e1n a Pusk\u00e1s Ferenc Labdar\u00fag\u00f3 Akad\u00e9mi\u00e1n nevelked\u0151 Kleinheisler.<\/p>\n\n\n\n<p>Az Esz\u00e9kt\u0151l t\u00e1voz\u00f3 v\u00e1logatott j\u00e1t\u00e9kos\u00e9rt sajt\u00f3h\u00edrek szerint a Dinamo Zagreb is \u00e9l\u00e9nken \u00e9rdekl\u0151d\u00f6tt. Kleinheisler l\u00e9gi\u00f3sk\u00e9nt az NK Osijek el\u0151tt a n\u00e9met Werder Bremenn\u00e9l, a Darmstadtn\u00e1l \u00e9s a kazah FK Asztan\u00e1n\u00e1l fordult meg.<\/p>\n\n\n\n<p>\u201eMinden szempontb\u00f3l ezt az \u00e1tigazol\u00e1st tartom a legnagyobb l\u00e9p\u00e9snek Kleinheisler L\u00e1szl\u00f3 p\u00e1lyafut\u00e1s\u00e1ban, hiszen a Panathinaikosszal bajnoki c\u00edm\u00e9rt harcolhat \u00e9s a nemzetk\u00f6zi porondon, j\u00f3 es\u00e9llyel eur\u00f3pai csoportk\u00f6rben is bizony\u00edthat. A klubnak hossz\u00fa t\u00e1v\u00fa, nagy tervei vannak&#8221; \u2013 mondta a Nemzeti Sportnak a szerz\u0151d\u00e9sk\u00f6t\u00e9s ut\u00e1n a j\u00e1t\u00e9kos menedzsere, Filipovics Vladan.<\/p>","protected":false},"excerpt":{"rendered":"<p>A g\u00f6r\u00f6g listavezet\u0151 Panathinaikosz hivatalos oldal\u00e1n jelentette be, hogy szerz\u0151dtette a 28 \u00e9ves, 44-szeres magyar v\u00e1logatott Kleinheisler L\u00e1szl\u00f3t. Ahogyan arr\u00f3l besz\u00e1moltunk, Kleinheisler L\u00e1szl\u00f3 szerda d\u00e9lut\u00e1n \u00e9rkezett meg Ath\u00e9nba, ahol az utols\u00f3 sim\u00edt\u00e1sokat is elv\u00e9gezt\u00e9k \u00faj szerz\u0151d\u00e9se kapcs\u00e1n, valamint r\u00e9szt vett az ilyenkor k\u00f6telez\u0151 orvosi vizsg\u00e1latokon. A 44-szeres magyar v\u00e1logatott k\u00f6z\u00e9pp\u00e1ly\u00e1s \u2013 aki h\u00e1rom \u00e9s f\u00e9l [&hellip;]<\/p>","protected":false},"author":4,"featured_media":921,"comment_status":"open","ping_status":"open","sticky":false,"template":"","format":"standard","meta":{"_et_pb_use_builder":"off","_et_pb_old_content":"","_et_gb_content_width":"","footnotes":""},"categories":[1],"tags":[],"yoast_head":"<!-- This site is optimized with the Yoast SEO plugin v23.1 - https:\/\/yoast.com\/wordpress\/plugins\/seo\/ -->\n<title>L\u00e9gi\u00f3sok: Kleinheisler L\u00e1szl\u00f3 a Panathinaikoszn\u00e1l folytatja \u2013 hivatalos - F-group<\/title>\n<meta name=\"robots\" content=\"index, follow, max-snippet:-1, max-image-preview:large, max-video-preview:-1\" \/>\n<link rel=\"canonical\" href=\"https:\/\/www.f-group.hu\/hu\/2023\/01\/12\/legiosok-kleinheisler-laszlo-a-panathinaikosznal-folytatja-hivatalos\/\" \/>\n<meta property=\"og:locale\" content=\"hu_HU\" \/>\n<meta property=\"og:type\" content=\"article\" \/>\n<meta property=\"og:title\" content=\"L\u00e9gi\u00f3sok: Kleinheisler L\u00e1szl\u00f3 a Panathinaikoszn\u00e1l folytatja \u2013 hivatalos - F-group\" \/>\n<meta property=\"og:description\" content=\"A g\u00f6r\u00f6g listavezet\u0151 Panathinaikosz hivatalos oldal\u00e1n jelentette be, hogy szerz\u0151dtette a 28 \u00e9ves, 44-szeres magyar v\u00e1logatott Kleinheisler L\u00e1szl\u00f3t. Ahogyan arr\u00f3l besz\u00e1moltunk, Kleinheisler L\u00e1szl\u00f3 szerda d\u00e9lut\u00e1n \u00e9rkezett meg Ath\u00e9nba, ahol az utols\u00f3 sim\u00edt\u00e1sokat is elv\u00e9gezt\u00e9k \u00faj szerz\u0151d\u00e9se kapcs\u00e1n, valamint r\u00e9szt vett az ilyenkor k\u00f6telez\u0151 orvosi vizsg\u00e1latokon. A 44-szeres magyar v\u00e1logatott k\u00f6z\u00e9pp\u00e1ly\u00e1s \u2013 aki h\u00e1rom \u00e9s f\u00e9l [&hellip;]\" \/>\n<meta property=\"og:url\" content=\"https:\/\/www.f-group.hu\/hu\/2023\/01\/12\/legiosok-kleinheisler-laszlo-a-panathinaikosznal-folytatja-hivatalos\/\" \/>\n<meta property=\"og:site_name\" content=\"F-group\" \/>\n<meta property=\"article:published_time\" content=\"2023-01-12T12:07:53+00:00\" \/>\n<meta property=\"article:modified_time\" content=\"2023-02-21T12:08:12+00:00\" \/>\n<meta property=\"og:image\" content=\"https:\/\/www.f-group.hu\/wp-content\/uploads\/2023\/02\/1200KLFV_960px.jpg\" \/>\n\t<meta property=\"og:image:width\" content=\"960\" \/>\n\t<meta property=\"og:image:height\" content=\"720\" \/>\n\t<meta property=\"og:image:type\" content=\"image\/jpeg\" \/>\n<meta name=\"author\" content=\"garanddesign\" \/>\n<meta name=\"twitter:card\" content=\"summary_large_image\" \/>\n<meta name=\"twitter:label1\" content=\"Szerz\u0151:\" \/>\n\t<meta name=\"twitter:data1\" content=\"garanddesign\" \/>\n\t<meta name=\"twitter:label2\" content=\"Becs\u00fclt olvas\u00e1si id\u0151\" \/>\n\t<meta name=\"twitter:data2\" content=\"1 perc\" \/>\n<script type=\"application\/ld+json\" class=\"yoast-schema-graph\">{\"@context\":\"https:\/\/schema.org\",\"@graph\":[{\"@type\":\"WebPage\",\"@id\":\"https:\/\/www.f-group.hu\/2023\/01\/12\/legiosok-kleinheisler-laszlo-a-panathinaikosznal-folytatja-hivatalos\/\",\"url\":\"https:\/\/www.f-group.hu\/2023\/01\/12\/legiosok-kleinheisler-laszlo-a-panathinaikosznal-folytatja-hivatalos\/\",\"name\":\"L\u00e9gi\u00f3sok: Kleinheisler L\u00e1szl\u00f3 a Panathinaikoszn\u00e1l folytatja \u2013 hivatalos - F-group\",\"isPartOf\":{\"@id\":\"https:\/\/www.f-group.hu\/#website\"},\"primaryImageOfPage\":{\"@id\":\"https:\/\/www.f-group.hu\/2023\/01\/12\/legiosok-kleinheisler-laszlo-a-panathinaikosznal-folytatja-hivatalos\/#primaryimage\"},\"image\":{\"@id\":\"https:\/\/www.f-group.hu\/2023\/01\/12\/legiosok-kleinheisler-laszlo-a-panathinaikosznal-folytatja-hivatalos\/#primaryimage\"},\"thumbnailUrl\":\"https:\/\/www.f-group.hu\/wp-content\/uploads\/2023\/02\/1200KLFV_960px.jpg\",\"datePublished\":\"2023-01-12T12:07:53+00:00\",\"dateModified\":\"2023-02-21T12:08:12+00:00\",\"author\":{\"@id\":\"https:\/\/www.f-group.hu\/#\/schema\/person\/d9e3f0aad33bb45b1f4a26abaddeb3c6\"},\"breadcrumb\":{\"@id\":\"https:\/\/www.f-group.hu\/2023\/01\/12\/legiosok-kleinheisler-laszlo-a-panathinaikosznal-folytatja-hivatalos\/#breadcrumb\"},\"inLanguage\":\"hu\",\"potentialAction\":[{\"@type\":\"ReadAction\",\"target\":[\"https:\/\/www.f-group.hu\/2023\/01\/12\/legiosok-kleinheisler-laszlo-a-panathinaikosznal-folytatja-hivatalos\/\"]}]},{\"@type\":\"ImageObject\",\"inLanguage\":\"hu\",\"@id\":\"https:\/\/www.f-group.hu\/2023\/01\/12\/legiosok-kleinheisler-laszlo-a-panathinaikosznal-folytatja-hivatalos\/#primaryimage\",\"url\":\"https:\/\/www.f-group.hu\/wp-content\/uploads\/2023\/02\/1200KLFV_960px.jpg\",\"contentUrl\":\"https:\/\/www.f-group.hu\/wp-content\/uploads\/2023\/02\/1200KLFV_960px.jpg\",\"width\":960,\"height\":720},{\"@type\":\"BreadcrumbList\",\"@id\":\"https:\/\/www.f-group.hu\/2023\/01\/12\/legiosok-kleinheisler-laszlo-a-panathinaikosznal-folytatja-hivatalos\/#breadcrumb\",\"itemListElement\":[{\"@type\":\"ListItem\",\"position\":1,\"name\":\"Home\",\"item\":\"https:\/\/f-group.hu\/\"},{\"@type\":\"ListItem\",\"position\":2,\"name\":\"L\u00e9gi\u00f3sok: Kleinheisler L\u00e1szl\u00f3 a Panathinaikoszn\u00e1l folytatja \u2013 hivatalos\"}]},{\"@type\":\"WebSite\",\"@id\":\"https:\/\/www.f-group.hu\/#website\",\"url\":\"https:\/\/www.f-group.hu\/\",\"name\":\"F-group\",\"description\":\"Professzion\u00e1lis j\u00e1t\u00e9kosmenedzsment\",\"potentialAction\":[{\"@type\":\"SearchAction\",\"target\":{\"@type\":\"EntryPoint\",\"urlTemplate\":\"https:\/\/www.f-group.hu\/?s={search_term_string}\"},\"query-input\":\"required name=search_term_string\"}],\"inLanguage\":\"hu\"},{\"@type\":\"Person\",\"@id\":\"https:\/\/www.f-group.hu\/#\/schema\/person\/d9e3f0aad33bb45b1f4a26abaddeb3c6\",\"name\":\"garanddesign\",\"image\":{\"@type\":\"ImageObject\",\"inLanguage\":\"hu\",\"@id\":\"https:\/\/www.f-group.hu\/#\/schema\/person\/image\/\",\"url\":\"https:\/\/secure.gravatar.com\/avatar\/ffbf9dcf27b7adbe0a7e413d1c0aff22?s=96&d=mm&r=g\",\"contentUrl\":\"https:\/\/secure.gravatar.com\/avatar\/ffbf9dcf27b7adbe0a7e413d1c0aff22?s=96&d=mm&r=g\",\"caption\":\"garanddesign\"},\"url\":\"https:\/\/www.f-group.hu\/hu\/author\/garanddesign\/\"}]}<\/script>\n<!-- \/ Yoast SEO plugin. -->","yoast_head_json":{"title":"L\u00e9gi\u00f3sok: Kleinheisler L\u00e1szl\u00f3 a Panathinaikoszn\u00e1l folytatja \u2013 hivatalos - F-group","robots":{"index":"index","follow":"follow","max-snippet":"max-snippet:-1","max-image-preview":"max-image-preview:large","max-video-preview":"max-video-preview:-1"},"canonical":"https:\/\/www.f-group.hu\/hu\/2023\/01\/12\/legiosok-kleinheisler-laszlo-a-panathinaikosznal-folytatja-hivatalos\/","og_locale":"hu_HU","og_type":"article","og_title":"L\u00e9gi\u00f3sok: Kleinheisler L\u00e1szl\u00f3 a Panathinaikoszn\u00e1l folytatja \u2013 hivatalos - F-group","og_description":"A g\u00f6r\u00f6g listavezet\u0151 Panathinaikosz hivatalos oldal\u00e1n jelentette be, hogy szerz\u0151dtette a 28 \u00e9ves, 44-szeres magyar v\u00e1logatott Kleinheisler L\u00e1szl\u00f3t. Ahogyan arr\u00f3l besz\u00e1moltunk, Kleinheisler L\u00e1szl\u00f3 szerda d\u00e9lut\u00e1n \u00e9rkezett meg Ath\u00e9nba, ahol az utols\u00f3 sim\u00edt\u00e1sokat is elv\u00e9gezt\u00e9k \u00faj szerz\u0151d\u00e9se kapcs\u00e1n, valamint r\u00e9szt vett az ilyenkor k\u00f6telez\u0151 orvosi vizsg\u00e1latokon. A 44-szeres magyar v\u00e1logatott k\u00f6z\u00e9pp\u00e1ly\u00e1s \u2013 aki h\u00e1rom \u00e9s f\u00e9l [&hellip;]","og_url":"https:\/\/www.f-group.hu\/hu\/2023\/01\/12\/legiosok-kleinheisler-laszlo-a-panathinaikosznal-folytatja-hivatalos\/","og_site_name":"F-group","article_published_time":"2023-01-12T12:07:53+00:00","article_modified_time":"2023-02-21T12:08:12+00:00","og_image":[{"width":960,"height":720,"url":"https:\/\/www.f-group.hu\/wp-content\/uploads\/2023\/02\/1200KLFV_960px.jpg","type":"image\/jpeg"}],"author":"garanddesign","twitter_card":"summary_large_image","twitter_misc":{"Szerz\u0151:":"garanddesign","Becs\u00fclt olvas\u00e1si id\u0151":"1 perc"},"schema":{"@context":"https:\/\/schema.org","@graph":[{"@type":"WebPage","@id":"https:\/\/www.f-group.hu\/2023\/01\/12\/legiosok-kleinheisler-laszlo-a-panathinaikosznal-folytatja-hivatalos\/","url":"https:\/\/www.f-group.hu\/2023\/01\/12\/legiosok-kleinheisler-laszlo-a-panathinaikosznal-folytatja-hivatalos\/","name":"L\u00e9gi\u00f3sok: Kleinheisler L\u00e1szl\u00f3 a Panathinaikoszn\u00e1l folytatja \u2013 hivatalos - F-group","isPartOf":{"@id":"https:\/\/www.f-group.hu\/#website"},"primaryImageOfPage":{"@id":"https:\/\/www.f-group.hu\/2023\/01\/12\/legiosok-kleinheisler-laszlo-a-panathinaikosznal-folytatja-hivatalos\/#primaryimage"},"image":{"@id":"https:\/\/www.f-group.hu\/2023\/01\/12\/legiosok-kleinheisler-laszlo-a-panathinaikosznal-folytatja-hivatalos\/#primaryimage"},"thumbnailUrl":"https:\/\/www.f-group.hu\/wp-content\/uploads\/2023\/02\/1200KLFV_960px.jpg","datePublished":"2023-01-12T12:07:53+00:00","dateModified":"2023-02-21T12:08:12+00:00","author":{"@id":"https:\/\/www.f-group.hu\/#\/schema\/person\/d9e3f0aad33bb45b1f4a26abaddeb3c6"},"breadcrumb":{"@id":"https:\/\/www.f-group.hu\/2023\/01\/12\/legiosok-kleinheisler-laszlo-a-panathinaikosznal-folytatja-hivatalos\/#breadcrumb"},"inLanguage":"hu","potentialAction":[{"@type":"ReadAction","target":["https:\/\/www.f-group.hu\/2023\/01\/12\/legiosok-kleinheisler-laszlo-a-panathinaikosznal-folytatja-hivatalos\/"]}]},{"@type":"ImageObject","inLanguage":"hu","@id":"https:\/\/www.f-group.hu\/2023\/01\/12\/legiosok-kleinheisler-laszlo-a-panathinaikosznal-folytatja-hivatalos\/#primaryimage","url":"https:\/\/www.f-group.hu\/wp-content\/uploads\/2023\/02\/1200KLFV_960px.jpg","contentUrl":"https:\/\/www.f-group.hu\/wp-content\/uploads\/2023\/02\/1200KLFV_960px.jpg","width":960,"height":720},{"@type":"BreadcrumbList","@id":"https:\/\/www.f-group.hu\/2023\/01\/12\/legiosok-kleinheisler-laszlo-a-panathinaikosznal-folytatja-hivatalos\/#breadcrumb","itemListElement":[{"@type":"ListItem","position":1,"name":"Home","item":"https:\/\/f-group.hu\/"},{"@type":"ListItem","position":2,"name":"L\u00e9gi\u00f3sok: Kleinheisler L\u00e1szl\u00f3 a Panathinaikoszn\u00e1l folytatja \u2013 hivatalos"}]},{"@type":"WebSite","@id":"https:\/\/www.f-group.hu\/#website","url":"https:\/\/www.f-group.hu\/","name":"F-group","description":"Professzion\u00e1lis j\u00e1t\u00e9kosmenedzsment","potentialAction":[{"@type":"SearchAction","target":{"@type":"EntryPoint","urlTemplate":"https:\/\/www.f-group.hu\/?s={search_term_string}"},"query-input":"required name=search_term_string"}],"inLanguage":"hu"},{"@type":"Person","@id":"https:\/\/www.f-group.hu\/#\/schema\/person\/d9e3f0aad33bb45b1f4a26abaddeb3c6","name":"garanddesign","image":{"@type":"ImageObject","inLanguage":"hu","@id":"https:\/\/www.f-group.hu\/#\/schema\/person\/image\/","url":"https:\/\/secure.gravatar.com\/avatar\/ffbf9dcf27b7adbe0a7e413d1c0aff22?s=96&d=mm&r=g","contentUrl":"https:\/\/secure.gravatar.com\/avatar\/ffbf9dcf27b7adbe0a7e413d1c0aff22?s=96&d=mm&r=g","caption":"garanddesign"},"url":"https:\/\/www.f-group.hu\/hu\/author\/garanddesign\/"}]}},"jetpack_featured_media_url":"https:\/\/www.f-group.hu\/wp-content\/uploads\/2023\/02\/1200KLFV_960px.jpg","_links":{"self":[{"href":"https:\/\/www.f-group.hu\/hu\/wp-json\/wp\/v2\/posts\/920"}],"collection":[{"href":"https:\/\/www.f-group.hu\/hu\/wp-json\/wp\/v2\/posts"}],"about":[{"href":"https:\/\/www.f-group.hu\/hu\/wp-json\/wp\/v2\/types\/post"}],"author":[{"embeddable":true,"href":"https:\/\/www.f-group.hu\/hu\/wp-json\/wp\/v2\/users\/4"}],"replies":[{"embeddable":true,"href":"https:\/\/www.f-group.hu\/hu\/wp-json\/wp\/v2\/comments?post=920"}],"version-history":[{"count":1,"href":"https:\/\/www.f-group.hu\/hu\/wp-json\/wp\/v2\/posts\/920\/revisions"}],"predecessor-version":[{"id":922,"href":"https:\/\/www.f-group.hu\/hu\/wp-json\/wp\/v2\/posts\/920\/revisions\/922"}],"wp:featuredmedia":[{"embeddable":true,"href":"https:\/\/www.f-group.hu\/hu\/wp-json\/wp\/v2\/media\/921"}],"wp:attachment":[{"href":"https:\/\/www.f-group.hu\/hu\/wp-json\/wp\/v2\/media?parent=920"}],"wp:term":[{"taxonomy":"category","embeddable":true,"href":"https:\/\/www.f-group.hu\/hu\/wp-json\/wp\/v2\/categories?post=920"},{"taxonomy":"post_tag","embeddable":true,"href":"https:\/\/www.f-group.hu\/hu\/wp-json\/wp\/v2\/tags?post=920"}],"curies":[{"name":"wp","href":"https:\/\/api.w.org\/{rel}","templated":true}]}}