{"id":914,"date":"2023-02-14T12:04:18","date_gmt":"2023-02-14T12:04:18","guid":{"rendered":"https:\/\/f-group.hu\/?p=914"},"modified":"2023-02-21T12:04:37","modified_gmt":"2023-02-21T12:04:37","slug":"mol-fehervar-csongvai-es-katona-is-alairt-hivatalos","status":"publish","type":"post","link":"https:\/\/www.f-group.hu\/hu\/2023\/02\/14\/mol-fehervar-csongvai-es-katona-is-alairt-hivatalos\/","title":{"rendered":"Mol Feh\u00e9rv\u00e1r: Csongvai \u00e9s Katona is al\u00e1\u00edrt \u2013 hivatalos"},"content":{"rendered":"<p>Igaznak bizonyultak a Nemzeti Sport \u00e9rtes\u00fcl\u00e9sei: Csongvai \u00c1ron \u00e9s Katona M\u00e1ty\u00e1s \u00dajpestr\u0151l a Mol Feh\u00e9rv\u00e1rhoz szerz\u0151d\u00f6tt. A k\u00e9t j\u00e1t\u00e9kos \u00e1tigazol\u00e1s\u00e1t \u00faj klubjuk jelentette be.<\/p>\n\n\n\n<p>Els\u0151k\u00e9nt a Nemzeti Sport Online \u00edrt r\u00f3la p\u00e9ntek d\u00e9lut\u00e1n, hogy Csongvai \u00c1ron \u00e9s Katona M\u00e1ty\u00e1s is a Mol Feh\u00e9rv\u00e1rhoz szerz\u0151dhet \u00dajpestr\u0151l. Az \u00e1tigazol\u00e1sokat kedden, a t\u00e9li hazai \u00e1tigazol\u00e1si id\u0151szak utols\u00f3 napj\u00e1n jelentette be a k\u00e9t k\u00f6z\u00e9pp\u00e1ly\u00e1s \u00faj klubja.<\/p>\n\n\n\n<p><em>\u201eA Mol Feh\u00e9rv\u00e1r FC \u00e9s az \u00dajpest FC keddi meg\u00e1llapod\u00e1s\u00e1nak \u00e9rtelm\u00e9ben csapatunkban folytatja p\u00e1lyafut\u00e1s\u00e1t Csongvai \u00c1ron\u201d<\/em>&nbsp;\u2013 \u00edrja a molfehervarfc.hu, amelynek nyilatkozott is az \u00e1tigazol\u00e1s\u00e1r\u00f3l a j\u00e1t\u00e9kos.<\/p>\n\n\n\n<p><em>\u201e\u00c9reztem, hogy nagyon szeretne a Vidi, ami magabiztoss\u00e1ggal \u00e9s pozit\u00edv \u00e9rz\u00e9ssel t\u00f6lt\u00f6tt el. Egy\u00e9rtelm\u0171en el\u0151rel\u00e9p\u00e9s ez az \u00e1tigazol\u00e1s a karrierem \u00e9s a fejl\u0151d\u00e9sem szempontj\u00e1b\u00f3l. Nagy c\u00e9lokkal \u00e9rkezem, a klub fel\u00e9p\u00edt\u00e9se \u00e9s k\u00f6r\u00fclm\u00e9nyek maxim\u00e1lisan adottak a c\u00e9lok el\u00e9r\u00e9s\u00e9hez. Bele kell \u00e1llnunk a kem\u00e9ny munk\u00e1ba, csak magunkra kell f\u00f3kusz\u00e1lnunk \u00e9s akkor bizony\u00edtani tudjuk majd, hogy a Vidi sokkal t\u00f6bbre hivatott, mint ahol jelenleg \u00e1ll a tabell\u00e1n. Nagy elv\u00e1r\u00e1saim vannak magammal szemben is, szeretn\u00e9k min\u00e9l t\u00f6bb j\u00e1t\u00e9klehet\u0151s\u00e9get kapni \u00e9s j\u00f3 teljes\u00edtm\u00e9nyt ny\u00fajtani, annak \u00e9rdek\u00e9ben is, hogy \u00fajra megh\u00edv\u00f3t kaphassak majd a v\u00e1logatott keretbe\u201d<\/em>&nbsp;\u2013 mondta<strong>&nbsp;Csongvai.<\/strong><\/p>\n\n\n\n<p>A Mol Feh\u00e9rv\u00e1r Katona M\u00e1ty\u00e1s \u00e1tigazol\u00e1s\u00e1t is bejelentette, \u0151 \u00e9s Csongvai is h\u00e1rom \u00e9vre k\u00f6telezte el mag\u00e1t a feh\u00e9rv\u00e1ri klubhoz.<\/p>\n\n\n\n<p><em>\u201eA sportigazgat\u00f3 \u00e9s a szakmai st\u00e1b \u00e1ltal felv\u00e1zolt j\u00f6v\u0151k\u00e9p abszol\u00fat meggy\u0151z\u0151 volt sz\u00e1momra, \u00e9s annak is \u00f6r\u00fcl\u00f6k, hogy Csongival&nbsp;<\/em>(Csongvai \u00c1ron beceneve \u2013 a szerk.)&nbsp;<em>egy\u00fctt \u00e9rkezem, vele m\u00e1r r\u00e9g\u00f3ta ismerj\u00fck egym\u00e1st, bar\u00e1tok is vagyunk, biztosan ez is seg\u00edt majd a beilleszked\u00e9sben. Az a c\u00e9lom, hogy gyorsan be\u00e9p\u00fcljek a csapatba, \u00e9s egy\u00fctt min\u00e9l sikeresebb szezont tudjunk z\u00e1rni. Term\u00e9szetesen szeretn\u00e9k min\u00e9l t\u00f6bbet a p\u00e1ly\u00e1n lenni \u00e9s sokat hozz\u00e1tenni a csapat eredm\u00e9nyess\u00e9g\u00e9hez&#8221;&nbsp;<\/em>\u2013 nyilatkozta&nbsp;<strong>Katona.<\/strong><\/p>\n\n\n\n<p>A k\u00f6z\u00e9pp\u00e1ly\u00e1n \u00e9s a v\u00e9delemben is bevethet\u0151 Csongvai 15 \u00e9vesen, 2016 nyar\u00e1n ker\u00fclt a Vasast\u00f3l az \u00dajpesthez, 2019 okt\u00f3bere \u00f3ta 104 t\u00e9tmeccsen j\u00e1tszott a csapatban, ezeken 10 g\u00f3lt szerzett \u00e9s 5 g\u00f3lpasszt adott, tavaly \u00f3ta volt a lil\u00e1k csapatkapit\u00e1nya. A 22 \u00e9ves j\u00e1t\u00e9kos az U21-es v\u00e1logatottban nyolc alkalommal l\u00e9pett p\u00e1ly\u00e1ra, 2022 november\u00e9ben pedig Marco Rossi is megh\u00edvta keret\u00e9be a Luxemburg \u00e9s G\u00f6r\u00f6gorsz\u00e1g elleni felk\u00e9sz\u00fcl\u00e9si m\u00e9rk\u0151z\u00e9sekre.&nbsp;<br><br>A 23 \u00e9ves Katona 2017 nyar\u00e1n ker\u00fclt \u00dajpestre \u00e9s 2020 j\u00fanius\u00e1ban mutatkozott be a lila-feh\u00e9rek \u00e9lvonalbeli csapat\u00e1ban, a t\u00e1mad\u00f3 63 tal\u00e1lkoz\u00f3n 8 g\u00f3lig \u00e9s 4 g\u00f3lpasszig jutott.<\/p>\n\n\n\n<p><em>\u201eMindenk\u00e9pp fiatal magyar j\u00e1t\u00e9kosokkal szerett\u00fck volna meger\u0151s\u00edteni a keretet, Csongvai \u00c1ron pedig m\u00e1r a magyar v\u00e1logatott keret\u00e9be is beker\u00fclt, emellett pedig az \u00e9lvonalban is van m\u00e1r j\u00f3 p\u00e1r meccs a l\u00e1b\u00e1ban&nbsp;<\/em>\u2013 nyilatkozta a bejelent\u00e9sek kapcs\u00e1n&nbsp;<strong>Juh\u00e1sz Roland<\/strong>, a Mol Feh\u00e9rv\u00e1r sportigazgat\u00f3ja. \u2013&nbsp;<em>Arra sz\u00e1m\u00edtok, hogy \u00c1ron \u00e9rkez\u00e9s\u00e9vel a v\u00e9delm\u00fcnk stabilabb lesz, de ak\u00e1r a k\u00f6z\u00e9pp\u00e1ly\u00e1n is be lehet \u0151t vetni, vagyis az edz\u0151i st\u00e1b vari\u00e1ci\u00f3s lehet\u0151s\u00e9gei is n\u0151ni fogna.&nbsp;Katona M\u00e1ty\u00e1s szem\u00e9ly\u00e9ben olyan j\u00e1t\u00e9kossal b\u0151v\u00fclt a csapatunk kerete, aki kreativit\u00e1s\u00e1val sokat seg\u00edthet a t\u00e1mad\u00f3j\u00e1t\u00e9kunk eredm\u00e9nyess\u00e9g\u00e9ben. T\u00edzes poszton \u00e9s a k\u00f6z\u00e9pp\u00e1lya sz\u00e9l\u00e9n is bevethet\u0151 j\u00e1t\u00e9kos, \u00edgy b\u0151v\u00fcltek a st\u00e1b vari\u00e1ci\u00f3s lehet\u0151s\u00e9gei. \u00d6r\u00fcl\u00f6k, hogy fiatal magyar j\u00e1t\u00e9kossal siker\u00fclt meger\u0151s\u00edteni csapatunk keret\u00e9t.&#8221;<\/em><\/p>\n\n\n\n<p>Csongvai\u00e9k t\u00e1voz\u00e1s\u00e1t az \u00dajpest FC is egy hosszabb k\u00f6zlem\u00e9nyben tudatta a f\u0151v\u00e1rosi csapat szurkol\u00f3ival.<\/p>\n\n\n\n<p><em>\u201e<strong>Az \u00dajpest FC a mai napon \u00e9rt\u00e9kes\u00edtette Csongvai \u00c1ron \u00e9s Katona M\u00e1ty\u00e1s j\u00e1t\u00e9kjog\u00e1t, akik \u00edgy a j\u00f6v\u0151ben a Mol Feh\u00e9rv\u00e1r FC-ben folytatj\u00e1k a p\u00e1lyafut\u00e1sukat. Olyan aj\u00e1nlatot kapott a klub, amely rekord k\u00f6zeli a Magyarorsz\u00e1gon k\u00e9t labdar\u00fag\u00f3 egyes\u00fclet k\u00f6z\u00f6tti \u00e1tigazol\u00e1sok t\u00f6rt\u00e9net\u00e9ben.&nbsp;<\/strong>Az pedig k\u00fcl\u00f6n b\u00fcszkes\u00e9get jelent, hogy mind\u00f6ssze h\u00e9t \u00e9s f\u00e9l \u00e9v alatt siker\u00fclt kinevelni k\u00e9t ilyen j\u00e1t\u00e9kost, akikr\u0151l r\u00e1ad\u00e1sul a magyar futball kor\u00e1bban lemondott. Ez az \u00e9rt\u00e9kes\u00edt\u00e9s is meger\u0151s\u00edti hit\u00fcnket a fenntarthat\u00f3 modellben, melyet Klubunk k\u00f6vet, valamint a m\u00e1sodik es\u00e9lyben, melyet mindenkinek megadunk, aki \u00e9lni szeretne vele. Az \u00dajpest FC Csongvai \u00c1ronnak \u00e9s Katona M\u00e1ty\u00e1snak a tov\u00e1bbiakban sok sikert k\u00edv\u00e1n, az esetleges igazol\u00e1sok kapcs\u00e1n pedig id\u0151ben, \u0151szint\u00e9n kommunik\u00e1l a szurkol\u00f3ival. A k\u00e9t j\u00e1t\u00e9kos \u00e1tigazol\u00e1s\u00e1val kapcsolatban a klub a tov\u00e1bbiakban nem k\u00edv\u00e1n nyilatkozni, az \u00fcgyet lez\u00e1rtnak tekinti\u201d&nbsp;<\/em>\u2013 fogalmaz az ujpestfc.hu-n megjelent k\u00f6zlem\u00e9ny.<\/p>\n\n\n\n<p>A Transfermarkt Csongvai \u00e9rt\u00e9k\u00e9t 400 ezer, Katon\u00e1\u00e9t 350 ezer eur\u00f3ra, teh\u00e1t a k\u00e9t j\u00e1t\u00e9kos\u00e9t egy\u00fctt 750 ezer eur\u00f3ra becs\u00fcli. Az \u00dajpest FC rekord k\u00f6zeli \u00e1tigazol\u00e1si \u00f6sszegr\u0151l \u00edr, de konkr\u00e9tumot nem eml\u00edt.&nbsp;<strong>A Nemzeti Sport \u00fagy tudja, a v\u00e9tel\u00e1r valamelyest meghaladja a Transfermarkt becsl\u00e9s\u00e9t, \u00e9s k\u00fcl\u00f6nb\u00f6z\u0151 b\u00f3nuszok f\u00fcggv\u00e9ny\u00e9ben 800 ezer \u00e9s egymilli\u00f3 eur\u00f3 k\u00f6z\u00f6tt alakulhat<\/strong>. Mivel Magyarorsz\u00e1gon a j\u00e1t\u00e9kosok\u00e9rt fizetett \u00e1tigazol\u00e1si d\u00edjak nem nyilv\u00e1nosak, azt biztosan nem lehet megmondani, hogy Csongvai\u00e9k \u00e1tigazol\u00e1sa val\u00f3ban rekord k\u00f6zeli-e. Viszont a Transfermarkt hivatalosan meg nem er\u0151s\u00edtett sz\u00e1mai ebben is m\u00e9rt\u00e9kad\u00f3ak lehetnek.&nbsp;<strong>A piaci port\u00e1l szerint magyar klub, magyar klubnak, magyar j\u00e1t\u00e9kos\u00e9rt 2010-ben fizette a legt\u00f6bbet: a Videoton 800 ezer eur\u00f3t az MTK-nak Lencse L\u00e1szl\u00f3 j\u00e1t\u00e9kjog\u00e1\u00e9rt.<\/strong>&nbsp;Amennyiben a piaci port\u00e1l sz\u00e1mai megfelelnek a val\u00f3s\u00e1gnak, \u00fagy ez a mostani \u00e1tigazol\u00e1s val\u00f3ban megk\u00f6zel\u00edtheti, s\u0151t az \u00e1rfolyamv\u00e1ltoz\u00e1st is belesz\u00e1m\u00edtva, meg is haladhatja a rekordot, igaz most nem egy, hanem k\u00e9t j\u00e1t\u00e9kos kiv\u00e1s\u00e1rl\u00e1si \u00e1r\u00e1r\u00f3l van sz\u00f3.&nbsp;<\/p>","protected":false},"excerpt":{"rendered":"<p>Igaznak bizonyultak a Nemzeti Sport \u00e9rtes\u00fcl\u00e9sei: Csongvai \u00c1ron \u00e9s Katona M\u00e1ty\u00e1s \u00dajpestr\u0151l a Mol Feh\u00e9rv\u00e1rhoz szerz\u0151d\u00f6tt. A k\u00e9t j\u00e1t\u00e9kos \u00e1tigazol\u00e1s\u00e1t \u00faj klubjuk jelentette be. Els\u0151k\u00e9nt a Nemzeti Sport Online \u00edrt r\u00f3la p\u00e9ntek d\u00e9lut\u00e1n, hogy Csongvai \u00c1ron \u00e9s Katona M\u00e1ty\u00e1s is a Mol Feh\u00e9rv\u00e1rhoz szerz\u0151dhet \u00dajpestr\u0151l. Az \u00e1tigazol\u00e1sokat kedden, a t\u00e9li hazai \u00e1tigazol\u00e1si id\u0151szak utols\u00f3 napj\u00e1n [&hellip;]<\/p>","protected":false},"author":4,"featured_media":915,"comment_status":"open","ping_status":"open","sticky":false,"template":"","format":"standard","meta":{"_et_pb_use_builder":"off","_et_pb_old_content":"","_et_gb_content_width":"","footnotes":""},"categories":[1],"tags":[],"yoast_head":"<!-- This site is optimized with the Yoast SEO plugin v23.1 - https:\/\/yoast.com\/wordpress\/plugins\/seo\/ -->\n<title>Mol Feh\u00e9rv\u00e1r: Csongvai \u00e9s Katona is al\u00e1\u00edrt \u2013 hivatalos - F-group<\/title>\n<meta name=\"robots\" content=\"index, follow, max-snippet:-1, max-image-preview:large, max-video-preview:-1\" \/>\n<link rel=\"canonical\" href=\"https:\/\/f-group.hu\/2023\/02\/14\/mol-fehervar-csongvai-es-katona-is-alairt-hivatalos\/\" \/>\n<meta property=\"og:locale\" content=\"hu_HU\" \/>\n<meta property=\"og:type\" content=\"article\" \/>\n<meta property=\"og:title\" content=\"Mol Feh\u00e9rv\u00e1r: Csongvai \u00e9s Katona is al\u00e1\u00edrt \u2013 hivatalos - F-group\" \/>\n<meta property=\"og:description\" content=\"Igaznak bizonyultak a Nemzeti Sport \u00e9rtes\u00fcl\u00e9sei: Csongvai \u00c1ron \u00e9s Katona M\u00e1ty\u00e1s \u00dajpestr\u0151l a Mol Feh\u00e9rv\u00e1rhoz szerz\u0151d\u00f6tt. A k\u00e9t j\u00e1t\u00e9kos \u00e1tigazol\u00e1s\u00e1t \u00faj klubjuk jelentette be. Els\u0151k\u00e9nt a Nemzeti Sport Online \u00edrt r\u00f3la p\u00e9ntek d\u00e9lut\u00e1n, hogy Csongvai \u00c1ron \u00e9s Katona M\u00e1ty\u00e1s is a Mol Feh\u00e9rv\u00e1rhoz szerz\u0151dhet \u00dajpestr\u0151l. Az \u00e1tigazol\u00e1sokat kedden, a t\u00e9li hazai \u00e1tigazol\u00e1si id\u0151szak utols\u00f3 napj\u00e1n [&hellip;]\" \/>\n<meta property=\"og:url\" content=\"https:\/\/f-group.hu\/2023\/02\/14\/mol-fehervar-csongvai-es-katona-is-alairt-hivatalos\/\" \/>\n<meta property=\"og:site_name\" content=\"F-group\" \/>\n<meta property=\"article:published_time\" content=\"2023-02-14T12:04:18+00:00\" \/>\n<meta property=\"article:modified_time\" content=\"2023-02-21T12:04:37+00:00\" \/>\n<meta property=\"og:image\" content=\"https:\/\/f-group.hu\/wp-content\/uploads\/2023\/02\/Katona629.jpg\" \/>\n\t<meta property=\"og:image:width\" content=\"629\" \/>\n\t<meta property=\"og:image:height\" content=\"402\" \/>\n\t<meta property=\"og:image:type\" content=\"image\/jpeg\" \/>\n<meta name=\"author\" content=\"garanddesign\" \/>\n<meta name=\"twitter:card\" content=\"summary_large_image\" \/>\n<meta name=\"twitter:label1\" content=\"Szerz\u0151:\" \/>\n\t<meta name=\"twitter:data1\" content=\"garanddesign\" \/>\n\t<meta name=\"twitter:label2\" content=\"Becs\u00fclt olvas\u00e1si id\u0151\" \/>\n\t<meta name=\"twitter:data2\" content=\"4 perc\" \/>\n<script type=\"application\/ld+json\" class=\"yoast-schema-graph\">{\"@context\":\"https:\/\/schema.org\",\"@graph\":[{\"@type\":\"WebPage\",\"@id\":\"https:\/\/f-group.hu\/2023\/02\/14\/mol-fehervar-csongvai-es-katona-is-alairt-hivatalos\/\",\"url\":\"https:\/\/f-group.hu\/2023\/02\/14\/mol-fehervar-csongvai-es-katona-is-alairt-hivatalos\/\",\"name\":\"Mol Feh\u00e9rv\u00e1r: Csongvai \u00e9s Katona is al\u00e1\u00edrt \u2013 hivatalos - F-group\",\"isPartOf\":{\"@id\":\"https:\/\/www.f-group.hu\/#website\"},\"primaryImageOfPage\":{\"@id\":\"https:\/\/f-group.hu\/2023\/02\/14\/mol-fehervar-csongvai-es-katona-is-alairt-hivatalos\/#primaryimage\"},\"image\":{\"@id\":\"https:\/\/f-group.hu\/2023\/02\/14\/mol-fehervar-csongvai-es-katona-is-alairt-hivatalos\/#primaryimage\"},\"thumbnailUrl\":\"https:\/\/www.f-group.hu\/wp-content\/uploads\/2023\/02\/Katona629.jpg\",\"datePublished\":\"2023-02-14T12:04:18+00:00\",\"dateModified\":\"2023-02-21T12:04:37+00:00\",\"author\":{\"@id\":\"https:\/\/www.f-group.hu\/#\/schema\/person\/d9e3f0aad33bb45b1f4a26abaddeb3c6\"},\"breadcrumb\":{\"@id\":\"https:\/\/f-group.hu\/2023\/02\/14\/mol-fehervar-csongvai-es-katona-is-alairt-hivatalos\/#breadcrumb\"},\"inLanguage\":\"hu\",\"potentialAction\":[{\"@type\":\"ReadAction\",\"target\":[\"https:\/\/f-group.hu\/2023\/02\/14\/mol-fehervar-csongvai-es-katona-is-alairt-hivatalos\/\"]}]},{\"@type\":\"ImageObject\",\"inLanguage\":\"hu\",\"@id\":\"https:\/\/f-group.hu\/2023\/02\/14\/mol-fehervar-csongvai-es-katona-is-alairt-hivatalos\/#primaryimage\",\"url\":\"https:\/\/www.f-group.hu\/wp-content\/uploads\/2023\/02\/Katona629.jpg\",\"contentUrl\":\"https:\/\/www.f-group.hu\/wp-content\/uploads\/2023\/02\/Katona629.jpg\",\"width\":629,\"height\":402},{\"@type\":\"BreadcrumbList\",\"@id\":\"https:\/\/f-group.hu\/2023\/02\/14\/mol-fehervar-csongvai-es-katona-is-alairt-hivatalos\/#breadcrumb\",\"itemListElement\":[{\"@type\":\"ListItem\",\"position\":1,\"name\":\"Home\",\"item\":\"https:\/\/f-group.hu\/\"},{\"@type\":\"ListItem\",\"position\":2,\"name\":\"Mol Feh\u00e9rv\u00e1r: Csongvai \u00e9s Katona is al\u00e1\u00edrt \u2013 hivatalos\"}]},{\"@type\":\"WebSite\",\"@id\":\"https:\/\/www.f-group.hu\/#website\",\"url\":\"https:\/\/www.f-group.hu\/\",\"name\":\"F-group\",\"description\":\"Professzion\u00e1lis j\u00e1t\u00e9kosmenedzsment\",\"potentialAction\":[{\"@type\":\"SearchAction\",\"target\":{\"@type\":\"EntryPoint\",\"urlTemplate\":\"https:\/\/www.f-group.hu\/?s={search_term_string}\"},\"query-input\":\"required name=search_term_string\"}],\"inLanguage\":\"hu\"},{\"@type\":\"Person\",\"@id\":\"https:\/\/www.f-group.hu\/#\/schema\/person\/d9e3f0aad33bb45b1f4a26abaddeb3c6\",\"name\":\"garanddesign\",\"image\":{\"@type\":\"ImageObject\",\"inLanguage\":\"hu\",\"@id\":\"https:\/\/www.f-group.hu\/#\/schema\/person\/image\/\",\"url\":\"https:\/\/secure.gravatar.com\/avatar\/ffbf9dcf27b7adbe0a7e413d1c0aff22?s=96&d=mm&r=g\",\"contentUrl\":\"https:\/\/secure.gravatar.com\/avatar\/ffbf9dcf27b7adbe0a7e413d1c0aff22?s=96&d=mm&r=g\",\"caption\":\"garanddesign\"},\"url\":\"https:\/\/www.f-group.hu\/hu\/author\/garanddesign\/\"}]}<\/script>\n<!-- \/ Yoast SEO plugin. -->","yoast_head_json":{"title":"Mol Feh\u00e9rv\u00e1r: Csongvai \u00e9s Katona is al\u00e1\u00edrt \u2013 hivatalos - F-group","robots":{"index":"index","follow":"follow","max-snippet":"max-snippet:-1","max-image-preview":"max-image-preview:large","max-video-preview":"max-video-preview:-1"},"canonical":"https:\/\/f-group.hu\/2023\/02\/14\/mol-fehervar-csongvai-es-katona-is-alairt-hivatalos\/","og_locale":"hu_HU","og_type":"article","og_title":"Mol Feh\u00e9rv\u00e1r: Csongvai \u00e9s Katona is al\u00e1\u00edrt \u2013 hivatalos - F-group","og_description":"Igaznak bizonyultak a Nemzeti Sport \u00e9rtes\u00fcl\u00e9sei: Csongvai \u00c1ron \u00e9s Katona M\u00e1ty\u00e1s \u00dajpestr\u0151l a Mol Feh\u00e9rv\u00e1rhoz szerz\u0151d\u00f6tt. A k\u00e9t j\u00e1t\u00e9kos \u00e1tigazol\u00e1s\u00e1t \u00faj klubjuk jelentette be. Els\u0151k\u00e9nt a Nemzeti Sport Online \u00edrt r\u00f3la p\u00e9ntek d\u00e9lut\u00e1n, hogy Csongvai \u00c1ron \u00e9s Katona M\u00e1ty\u00e1s is a Mol Feh\u00e9rv\u00e1rhoz szerz\u0151dhet \u00dajpestr\u0151l. Az \u00e1tigazol\u00e1sokat kedden, a t\u00e9li hazai \u00e1tigazol\u00e1si id\u0151szak utols\u00f3 napj\u00e1n [&hellip;]","og_url":"https:\/\/f-group.hu\/2023\/02\/14\/mol-fehervar-csongvai-es-katona-is-alairt-hivatalos\/","og_site_name":"F-group","article_published_time":"2023-02-14T12:04:18+00:00","article_modified_time":"2023-02-21T12:04:37+00:00","og_image":[{"width":629,"height":402,"url":"https:\/\/f-group.hu\/wp-content\/uploads\/2023\/02\/Katona629.jpg","type":"image\/jpeg"}],"author":"garanddesign","twitter_card":"summary_large_image","twitter_misc":{"Szerz\u0151:":"garanddesign","Becs\u00fclt olvas\u00e1si id\u0151":"4 perc"},"schema":{"@context":"https:\/\/schema.org","@graph":[{"@type":"WebPage","@id":"https:\/\/f-group.hu\/2023\/02\/14\/mol-fehervar-csongvai-es-katona-is-alairt-hivatalos\/","url":"https:\/\/f-group.hu\/2023\/02\/14\/mol-fehervar-csongvai-es-katona-is-alairt-hivatalos\/","name":"Mol Feh\u00e9rv\u00e1r: Csongvai \u00e9s Katona is al\u00e1\u00edrt \u2013 hivatalos - F-group","isPartOf":{"@id":"https:\/\/www.f-group.hu\/#website"},"primaryImageOfPage":{"@id":"https:\/\/f-group.hu\/2023\/02\/14\/mol-fehervar-csongvai-es-katona-is-alairt-hivatalos\/#primaryimage"},"image":{"@id":"https:\/\/f-group.hu\/2023\/02\/14\/mol-fehervar-csongvai-es-katona-is-alairt-hivatalos\/#primaryimage"},"thumbnailUrl":"https:\/\/www.f-group.hu\/wp-content\/uploads\/2023\/02\/Katona629.jpg","datePublished":"2023-02-14T12:04:18+00:00","dateModified":"2023-02-21T12:04:37+00:00","author":{"@id":"https:\/\/www.f-group.hu\/#\/schema\/person\/d9e3f0aad33bb45b1f4a26abaddeb3c6"},"breadcrumb":{"@id":"https:\/\/f-group.hu\/2023\/02\/14\/mol-fehervar-csongvai-es-katona-is-alairt-hivatalos\/#breadcrumb"},"inLanguage":"hu","potentialAction":[{"@type":"ReadAction","target":["https:\/\/f-group.hu\/2023\/02\/14\/mol-fehervar-csongvai-es-katona-is-alairt-hivatalos\/"]}]},{"@type":"ImageObject","inLanguage":"hu","@id":"https:\/\/f-group.hu\/2023\/02\/14\/mol-fehervar-csongvai-es-katona-is-alairt-hivatalos\/#primaryimage","url":"https:\/\/www.f-group.hu\/wp-content\/uploads\/2023\/02\/Katona629.jpg","contentUrl":"https:\/\/www.f-group.hu\/wp-content\/uploads\/2023\/02\/Katona629.jpg","width":629,"height":402},{"@type":"BreadcrumbList","@id":"https:\/\/f-group.hu\/2023\/02\/14\/mol-fehervar-csongvai-es-katona-is-alairt-hivatalos\/#breadcrumb","itemListElement":[{"@type":"ListItem","position":1,"name":"Home","item":"https:\/\/f-group.hu\/"},{"@type":"ListItem","position":2,"name":"Mol Feh\u00e9rv\u00e1r: Csongvai \u00e9s Katona is al\u00e1\u00edrt \u2013 hivatalos"}]},{"@type":"WebSite","@id":"https:\/\/www.f-group.hu\/#website","url":"https:\/\/www.f-group.hu\/","name":"F-group","description":"Professzion\u00e1lis j\u00e1t\u00e9kosmenedzsment","potentialAction":[{"@type":"SearchAction","target":{"@type":"EntryPoint","urlTemplate":"https:\/\/www.f-group.hu\/?s={search_term_string}"},"query-input":"required name=search_term_string"}],"inLanguage":"hu"},{"@type":"Person","@id":"https:\/\/www.f-group.hu\/#\/schema\/person\/d9e3f0aad33bb45b1f4a26abaddeb3c6","name":"garanddesign","image":{"@type":"ImageObject","inLanguage":"hu","@id":"https:\/\/www.f-group.hu\/#\/schema\/person\/image\/","url":"https:\/\/secure.gravatar.com\/avatar\/ffbf9dcf27b7adbe0a7e413d1c0aff22?s=96&d=mm&r=g","contentUrl":"https:\/\/secure.gravatar.com\/avatar\/ffbf9dcf27b7adbe0a7e413d1c0aff22?s=96&d=mm&r=g","caption":"garanddesign"},"url":"https:\/\/www.f-group.hu\/hu\/author\/garanddesign\/"}]}},"jetpack_featured_media_url":"https:\/\/www.f-group.hu\/wp-content\/uploads\/2023\/02\/Katona629.jpg","_links":{"self":[{"href":"https:\/\/www.f-group.hu\/hu\/wp-json\/wp\/v2\/posts\/914"}],"collection":[{"href":"https:\/\/www.f-group.hu\/hu\/wp-json\/wp\/v2\/posts"}],"about":[{"href":"https:\/\/www.f-group.hu\/hu\/wp-json\/wp\/v2\/types\/post"}],"author":[{"embeddable":true,"href":"https:\/\/www.f-group.hu\/hu\/wp-json\/wp\/v2\/users\/4"}],"replies":[{"embeddable":true,"href":"https:\/\/www.f-group.hu\/hu\/wp-json\/wp\/v2\/comments?post=914"}],"version-history":[{"count":1,"href":"https:\/\/www.f-group.hu\/hu\/wp-json\/wp\/v2\/posts\/914\/revisions"}],"predecessor-version":[{"id":916,"href":"https:\/\/www.f-group.hu\/hu\/wp-json\/wp\/v2\/posts\/914\/revisions\/916"}],"wp:featuredmedia":[{"embeddable":true,"href":"https:\/\/www.f-group.hu\/hu\/wp-json\/wp\/v2\/media\/915"}],"wp:attachment":[{"href":"https:\/\/www.f-group.hu\/hu\/wp-json\/wp\/v2\/media?parent=914"}],"wp:term":[{"taxonomy":"category","embeddable":true,"href":"https:\/\/www.f-group.hu\/hu\/wp-json\/wp\/v2\/categories?post=914"},{"taxonomy":"post_tag","embeddable":true,"href":"https:\/\/www.f-group.hu\/hu\/wp-json\/wp\/v2\/tags?post=914"}],"curies":[{"name":"wp","href":"https:\/\/api.w.org\/{rel}","templated":true}]}}