{"id":880,"date":"2022-10-21T09:20:58","date_gmt":"2022-10-21T09:20:58","guid":{"rendered":"https:\/\/f-group.hu\/?p=880"},"modified":"2022-10-21T09:33:48","modified_gmt":"2022-10-21T09:33:48","slug":"mezokovesd-szerzodtettek-a-dvsc-t-elhagyo-kozeppalyast","status":"publish","type":"post","link":"https:\/\/www.f-group.hu\/hu\/2022\/10\/21\/mezokovesd-szerzodtettek-a-dvsc-t-elhagyo-kozeppalyast\/","title":{"rendered":"Mez\u0151k\u00f6vesd: szerz\u0151dtett\u00e9k a DVSC-t elhagy\u00f3 k\u00f6z\u00e9pp\u00e1ly\u00e1st"},"content":{"rendered":"<p><strong>A labdar\u00fag\u00f3 NB I-ben szerepl\u0151 Mez\u0151k\u00f6vesd szerz\u0151dtette a legut\u00f3bb a Debreceni VSC-ben futballoz\u00f3 David Babunszkit \u2013<\/strong><a href=\"https:\/\/mezokovesdzsory.hu\/kozeppalyast-igazoltunk-3\/\" target=\"_blank\" rel=\"noreferrer noopener\">\u00a0jelentette be<\/a><strong>\u00a0a borsodi klub a hivatalos honlapj\u00e1n.<\/strong><\/p>\n\n\n\n<p><strong>David Babunszki\u00a0<\/strong>augusztus v\u00e9g\u00e9n bontott szerz\u0151d\u00e9st a Debrecennel, amelyn\u00e9l egy id\u00e9nyt t\u00f6lt\u00f6tt el. Az FC Barcelona akad\u00e9mi\u00e1j\u00e1n nevelked\u0151, a spanyol m\u00e1sodoszt\u00e1lyban is t\u00f6bbsz\u00f6r p\u00e1ly\u00e1ra l\u00e9p\u0151, 12-szeres \u00e9szakmaced\u00f3n v\u00e1logatott k\u00f6z\u00e9pp\u00e1ly\u00e1s Borsodba tette \u00e1t sz\u00e9khely\u00e9t, a Mez\u0151k\u00f6vesd j\u00e1t\u00e9kosa lett.<\/p>","protected":false},"excerpt":{"rendered":"<p>A labdar\u00fag\u00f3 NB I-ben szerepl\u0151 Mez\u0151k\u00f6vesd szerz\u0151dtette a legut\u00f3bb a Debreceni VSC-ben futballoz\u00f3 David Babunszkit \u2013\u00a0jelentette be\u00a0a borsodi klub a hivatalos honlapj\u00e1n. David Babunszki\u00a0augusztus v\u00e9g\u00e9n bontott szerz\u0151d\u00e9st a Debrecennel, amelyn\u00e9l egy id\u00e9nyt t\u00f6lt\u00f6tt el. Az FC Barcelona akad\u00e9mi\u00e1j\u00e1n nevelked\u0151, a spanyol m\u00e1sodoszt\u00e1lyban is t\u00f6bbsz\u00f6r p\u00e1ly\u00e1ra l\u00e9p\u0151, 12-szeres \u00e9szakmaced\u00f3n v\u00e1logatott k\u00f6z\u00e9pp\u00e1ly\u00e1s Borsodba tette \u00e1t sz\u00e9khely\u00e9t, a [&hellip;]<\/p>","protected":false},"author":4,"featured_media":881,"comment_status":"open","ping_status":"open","sticky":false,"template":"","format":"standard","meta":{"_et_pb_use_builder":"off","_et_pb_old_content":"","_et_gb_content_width":"","footnotes":""},"categories":[1],"tags":[],"yoast_head":"<!-- This site is optimized with the Yoast SEO plugin v23.1 - https:\/\/yoast.com\/wordpress\/plugins\/seo\/ -->\n<title>Mez\u0151k\u00f6vesd: szerz\u0151dtett\u00e9k a DVSC-t elhagy\u00f3 k\u00f6z\u00e9pp\u00e1ly\u00e1st - F-group<\/title>\n<meta name=\"robots\" content=\"index, follow, max-snippet:-1, max-image-preview:large, max-video-preview:-1\" \/>\n<link rel=\"canonical\" href=\"https:\/\/f-group.hu\/2022\/10\/21\/mezokovesd-szerzodtettek-a-dvsc-t-elhagyo-kozeppalyast\/\" \/>\n<meta property=\"og:locale\" content=\"hu_HU\" \/>\n<meta property=\"og:type\" content=\"article\" \/>\n<meta property=\"og:title\" content=\"Mez\u0151k\u00f6vesd: szerz\u0151dtett\u00e9k a DVSC-t elhagy\u00f3 k\u00f6z\u00e9pp\u00e1ly\u00e1st - F-group\" \/>\n<meta property=\"og:description\" content=\"A labdar\u00fag\u00f3 NB I-ben szerepl\u0151 Mez\u0151k\u00f6vesd szerz\u0151dtette a legut\u00f3bb a Debreceni VSC-ben futballoz\u00f3 David Babunszkit \u2013\u00a0jelentette be\u00a0a borsodi klub a hivatalos honlapj\u00e1n. David Babunszki\u00a0augusztus v\u00e9g\u00e9n bontott szerz\u0151d\u00e9st a Debrecennel, amelyn\u00e9l egy id\u00e9nyt t\u00f6lt\u00f6tt el. Az FC Barcelona akad\u00e9mi\u00e1j\u00e1n nevelked\u0151, a spanyol m\u00e1sodoszt\u00e1lyban is t\u00f6bbsz\u00f6r p\u00e1ly\u00e1ra l\u00e9p\u0151, 12-szeres \u00e9szakmaced\u00f3n v\u00e1logatott k\u00f6z\u00e9pp\u00e1ly\u00e1s Borsodba tette \u00e1t sz\u00e9khely\u00e9t, a [&hellip;]\" \/>\n<meta property=\"og:url\" content=\"https:\/\/f-group.hu\/2022\/10\/21\/mezokovesd-szerzodtettek-a-dvsc-t-elhagyo-kozeppalyast\/\" \/>\n<meta property=\"og:site_name\" content=\"F-group\" \/>\n<meta property=\"article:published_time\" content=\"2022-10-21T09:20:58+00:00\" \/>\n<meta property=\"article:modified_time\" content=\"2022-10-21T09:33:48+00:00\" \/>\n<meta property=\"og:image\" content=\"https:\/\/f-group.hu\/wp-content\/uploads\/2022\/10\/Babunski-honlap_960px.jpg\" \/>\n\t<meta property=\"og:image:width\" content=\"800\" \/>\n\t<meta property=\"og:image:height\" content=\"600\" \/>\n\t<meta property=\"og:image:type\" content=\"image\/jpeg\" \/>\n<meta name=\"author\" content=\"garanddesign\" \/>\n<meta name=\"twitter:card\" content=\"summary_large_image\" \/>\n<meta name=\"twitter:label1\" content=\"Szerz\u0151:\" \/>\n\t<meta name=\"twitter:data1\" content=\"garanddesign\" \/>\n\t<meta name=\"twitter:label2\" content=\"Becs\u00fclt olvas\u00e1si id\u0151\" \/>\n\t<meta name=\"twitter:data2\" content=\"1 perc\" \/>\n<script type=\"application\/ld+json\" class=\"yoast-schema-graph\">{\"@context\":\"https:\/\/schema.org\",\"@graph\":[{\"@type\":\"WebPage\",\"@id\":\"https:\/\/f-group.hu\/2022\/10\/21\/mezokovesd-szerzodtettek-a-dvsc-t-elhagyo-kozeppalyast\/\",\"url\":\"https:\/\/f-group.hu\/2022\/10\/21\/mezokovesd-szerzodtettek-a-dvsc-t-elhagyo-kozeppalyast\/\",\"name\":\"Mez\u0151k\u00f6vesd: szerz\u0151dtett\u00e9k a DVSC-t elhagy\u00f3 k\u00f6z\u00e9pp\u00e1ly\u00e1st - F-group\",\"isPartOf\":{\"@id\":\"https:\/\/www.f-group.hu\/#website\"},\"primaryImageOfPage\":{\"@id\":\"https:\/\/f-group.hu\/2022\/10\/21\/mezokovesd-szerzodtettek-a-dvsc-t-elhagyo-kozeppalyast\/#primaryimage\"},\"image\":{\"@id\":\"https:\/\/f-group.hu\/2022\/10\/21\/mezokovesd-szerzodtettek-a-dvsc-t-elhagyo-kozeppalyast\/#primaryimage\"},\"thumbnailUrl\":\"https:\/\/www.f-group.hu\/wp-content\/uploads\/2022\/10\/Babunski-honlap_960px.jpg\",\"datePublished\":\"2022-10-21T09:20:58+00:00\",\"dateModified\":\"2022-10-21T09:33:48+00:00\",\"author\":{\"@id\":\"https:\/\/www.f-group.hu\/#\/schema\/person\/d9e3f0aad33bb45b1f4a26abaddeb3c6\"},\"breadcrumb\":{\"@id\":\"https:\/\/f-group.hu\/2022\/10\/21\/mezokovesd-szerzodtettek-a-dvsc-t-elhagyo-kozeppalyast\/#breadcrumb\"},\"inLanguage\":\"hu\",\"potentialAction\":[{\"@type\":\"ReadAction\",\"target\":[\"https:\/\/f-group.hu\/2022\/10\/21\/mezokovesd-szerzodtettek-a-dvsc-t-elhagyo-kozeppalyast\/\"]}]},{\"@type\":\"ImageObject\",\"inLanguage\":\"hu\",\"@id\":\"https:\/\/f-group.hu\/2022\/10\/21\/mezokovesd-szerzodtettek-a-dvsc-t-elhagyo-kozeppalyast\/#primaryimage\",\"url\":\"https:\/\/www.f-group.hu\/wp-content\/uploads\/2022\/10\/Babunski-honlap_960px.jpg\",\"contentUrl\":\"https:\/\/www.f-group.hu\/wp-content\/uploads\/2022\/10\/Babunski-honlap_960px.jpg\",\"width\":800,\"height\":600,\"caption\":\"Babunski-honlap_960px\"},{\"@type\":\"BreadcrumbList\",\"@id\":\"https:\/\/f-group.hu\/2022\/10\/21\/mezokovesd-szerzodtettek-a-dvsc-t-elhagyo-kozeppalyast\/#breadcrumb\",\"itemListElement\":[{\"@type\":\"ListItem\",\"position\":1,\"name\":\"Home\",\"item\":\"https:\/\/f-group.hu\/\"},{\"@type\":\"ListItem\",\"position\":2,\"name\":\"Mez\u0151k\u00f6vesd: szerz\u0151dtett\u00e9k a DVSC-t elhagy\u00f3 k\u00f6z\u00e9pp\u00e1ly\u00e1st\"}]},{\"@type\":\"WebSite\",\"@id\":\"https:\/\/www.f-group.hu\/#website\",\"url\":\"https:\/\/www.f-group.hu\/\",\"name\":\"F-group\",\"description\":\"Professzion\u00e1lis j\u00e1t\u00e9kosmenedzsment\",\"potentialAction\":[{\"@type\":\"SearchAction\",\"target\":{\"@type\":\"EntryPoint\",\"urlTemplate\":\"https:\/\/www.f-group.hu\/?s={search_term_string}\"},\"query-input\":\"required name=search_term_string\"}],\"inLanguage\":\"hu\"},{\"@type\":\"Person\",\"@id\":\"https:\/\/www.f-group.hu\/#\/schema\/person\/d9e3f0aad33bb45b1f4a26abaddeb3c6\",\"name\":\"garanddesign\",\"image\":{\"@type\":\"ImageObject\",\"inLanguage\":\"hu\",\"@id\":\"https:\/\/www.f-group.hu\/#\/schema\/person\/image\/\",\"url\":\"https:\/\/secure.gravatar.com\/avatar\/ffbf9dcf27b7adbe0a7e413d1c0aff22?s=96&d=mm&r=g\",\"contentUrl\":\"https:\/\/secure.gravatar.com\/avatar\/ffbf9dcf27b7adbe0a7e413d1c0aff22?s=96&d=mm&r=g\",\"caption\":\"garanddesign\"},\"url\":\"https:\/\/www.f-group.hu\/hu\/author\/garanddesign\/\"}]}<\/script>\n<!-- \/ Yoast SEO plugin. -->","yoast_head_json":{"title":"Mez\u0151k\u00f6vesd: szerz\u0151dtett\u00e9k a DVSC-t elhagy\u00f3 k\u00f6z\u00e9pp\u00e1ly\u00e1st - F-group","robots":{"index":"index","follow":"follow","max-snippet":"max-snippet:-1","max-image-preview":"max-image-preview:large","max-video-preview":"max-video-preview:-1"},"canonical":"https:\/\/f-group.hu\/2022\/10\/21\/mezokovesd-szerzodtettek-a-dvsc-t-elhagyo-kozeppalyast\/","og_locale":"hu_HU","og_type":"article","og_title":"Mez\u0151k\u00f6vesd: szerz\u0151dtett\u00e9k a DVSC-t elhagy\u00f3 k\u00f6z\u00e9pp\u00e1ly\u00e1st - F-group","og_description":"A labdar\u00fag\u00f3 NB I-ben szerepl\u0151 Mez\u0151k\u00f6vesd szerz\u0151dtette a legut\u00f3bb a Debreceni VSC-ben futballoz\u00f3 David Babunszkit \u2013\u00a0jelentette be\u00a0a borsodi klub a hivatalos honlapj\u00e1n. David Babunszki\u00a0augusztus v\u00e9g\u00e9n bontott szerz\u0151d\u00e9st a Debrecennel, amelyn\u00e9l egy id\u00e9nyt t\u00f6lt\u00f6tt el. Az FC Barcelona akad\u00e9mi\u00e1j\u00e1n nevelked\u0151, a spanyol m\u00e1sodoszt\u00e1lyban is t\u00f6bbsz\u00f6r p\u00e1ly\u00e1ra l\u00e9p\u0151, 12-szeres \u00e9szakmaced\u00f3n v\u00e1logatott k\u00f6z\u00e9pp\u00e1ly\u00e1s Borsodba tette \u00e1t sz\u00e9khely\u00e9t, a [&hellip;]","og_url":"https:\/\/f-group.hu\/2022\/10\/21\/mezokovesd-szerzodtettek-a-dvsc-t-elhagyo-kozeppalyast\/","og_site_name":"F-group","article_published_time":"2022-10-21T09:20:58+00:00","article_modified_time":"2022-10-21T09:33:48+00:00","og_image":[{"width":800,"height":600,"url":"https:\/\/f-group.hu\/wp-content\/uploads\/2022\/10\/Babunski-honlap_960px.jpg","type":"image\/jpeg"}],"author":"garanddesign","twitter_card":"summary_large_image","twitter_misc":{"Szerz\u0151:":"garanddesign","Becs\u00fclt olvas\u00e1si id\u0151":"1 perc"},"schema":{"@context":"https:\/\/schema.org","@graph":[{"@type":"WebPage","@id":"https:\/\/f-group.hu\/2022\/10\/21\/mezokovesd-szerzodtettek-a-dvsc-t-elhagyo-kozeppalyast\/","url":"https:\/\/f-group.hu\/2022\/10\/21\/mezokovesd-szerzodtettek-a-dvsc-t-elhagyo-kozeppalyast\/","name":"Mez\u0151k\u00f6vesd: szerz\u0151dtett\u00e9k a DVSC-t elhagy\u00f3 k\u00f6z\u00e9pp\u00e1ly\u00e1st - F-group","isPartOf":{"@id":"https:\/\/www.f-group.hu\/#website"},"primaryImageOfPage":{"@id":"https:\/\/f-group.hu\/2022\/10\/21\/mezokovesd-szerzodtettek-a-dvsc-t-elhagyo-kozeppalyast\/#primaryimage"},"image":{"@id":"https:\/\/f-group.hu\/2022\/10\/21\/mezokovesd-szerzodtettek-a-dvsc-t-elhagyo-kozeppalyast\/#primaryimage"},"thumbnailUrl":"https:\/\/www.f-group.hu\/wp-content\/uploads\/2022\/10\/Babunski-honlap_960px.jpg","datePublished":"2022-10-21T09:20:58+00:00","dateModified":"2022-10-21T09:33:48+00:00","author":{"@id":"https:\/\/www.f-group.hu\/#\/schema\/person\/d9e3f0aad33bb45b1f4a26abaddeb3c6"},"breadcrumb":{"@id":"https:\/\/f-group.hu\/2022\/10\/21\/mezokovesd-szerzodtettek-a-dvsc-t-elhagyo-kozeppalyast\/#breadcrumb"},"inLanguage":"hu","potentialAction":[{"@type":"ReadAction","target":["https:\/\/f-group.hu\/2022\/10\/21\/mezokovesd-szerzodtettek-a-dvsc-t-elhagyo-kozeppalyast\/"]}]},{"@type":"ImageObject","inLanguage":"hu","@id":"https:\/\/f-group.hu\/2022\/10\/21\/mezokovesd-szerzodtettek-a-dvsc-t-elhagyo-kozeppalyast\/#primaryimage","url":"https:\/\/www.f-group.hu\/wp-content\/uploads\/2022\/10\/Babunski-honlap_960px.jpg","contentUrl":"https:\/\/www.f-group.hu\/wp-content\/uploads\/2022\/10\/Babunski-honlap_960px.jpg","width":800,"height":600,"caption":"Babunski-honlap_960px"},{"@type":"BreadcrumbList","@id":"https:\/\/f-group.hu\/2022\/10\/21\/mezokovesd-szerzodtettek-a-dvsc-t-elhagyo-kozeppalyast\/#breadcrumb","itemListElement":[{"@type":"ListItem","position":1,"name":"Home","item":"https:\/\/f-group.hu\/"},{"@type":"ListItem","position":2,"name":"Mez\u0151k\u00f6vesd: szerz\u0151dtett\u00e9k a DVSC-t elhagy\u00f3 k\u00f6z\u00e9pp\u00e1ly\u00e1st"}]},{"@type":"WebSite","@id":"https:\/\/www.f-group.hu\/#website","url":"https:\/\/www.f-group.hu\/","name":"F-group","description":"Professzion\u00e1lis j\u00e1t\u00e9kosmenedzsment","potentialAction":[{"@type":"SearchAction","target":{"@type":"EntryPoint","urlTemplate":"https:\/\/www.f-group.hu\/?s={search_term_string}"},"query-input":"required name=search_term_string"}],"inLanguage":"hu"},{"@type":"Person","@id":"https:\/\/www.f-group.hu\/#\/schema\/person\/d9e3f0aad33bb45b1f4a26abaddeb3c6","name":"garanddesign","image":{"@type":"ImageObject","inLanguage":"hu","@id":"https:\/\/www.f-group.hu\/#\/schema\/person\/image\/","url":"https:\/\/secure.gravatar.com\/avatar\/ffbf9dcf27b7adbe0a7e413d1c0aff22?s=96&d=mm&r=g","contentUrl":"https:\/\/secure.gravatar.com\/avatar\/ffbf9dcf27b7adbe0a7e413d1c0aff22?s=96&d=mm&r=g","caption":"garanddesign"},"url":"https:\/\/www.f-group.hu\/hu\/author\/garanddesign\/"}]}},"jetpack_featured_media_url":"https:\/\/www.f-group.hu\/wp-content\/uploads\/2022\/10\/Babunski-honlap_960px.jpg","_links":{"self":[{"href":"https:\/\/www.f-group.hu\/hu\/wp-json\/wp\/v2\/posts\/880"}],"collection":[{"href":"https:\/\/www.f-group.hu\/hu\/wp-json\/wp\/v2\/posts"}],"about":[{"href":"https:\/\/www.f-group.hu\/hu\/wp-json\/wp\/v2\/types\/post"}],"author":[{"embeddable":true,"href":"https:\/\/www.f-group.hu\/hu\/wp-json\/wp\/v2\/users\/4"}],"replies":[{"embeddable":true,"href":"https:\/\/www.f-group.hu\/hu\/wp-json\/wp\/v2\/comments?post=880"}],"version-history":[{"count":1,"href":"https:\/\/www.f-group.hu\/hu\/wp-json\/wp\/v2\/posts\/880\/revisions"}],"predecessor-version":[{"id":882,"href":"https:\/\/www.f-group.hu\/hu\/wp-json\/wp\/v2\/posts\/880\/revisions\/882"}],"wp:featuredmedia":[{"embeddable":true,"href":"https:\/\/www.f-group.hu\/hu\/wp-json\/wp\/v2\/media\/881"}],"wp:attachment":[{"href":"https:\/\/www.f-group.hu\/hu\/wp-json\/wp\/v2\/media?parent=880"}],"wp:term":[{"taxonomy":"category","embeddable":true,"href":"https:\/\/www.f-group.hu\/hu\/wp-json\/wp\/v2\/categories?post=880"},{"taxonomy":"post_tag","embeddable":true,"href":"https:\/\/www.f-group.hu\/hu\/wp-json\/wp\/v2\/tags?post=880"}],"curies":[{"name":"wp","href":"https:\/\/api.w.org\/{rel}","templated":true}]}}