{"id":877,"date":"2022-10-21T08:24:37","date_gmt":"2022-10-21T08:24:37","guid":{"rendered":"https:\/\/f-group.hu\/?p=877"},"modified":"2022-10-21T09:31:57","modified_gmt":"2022-10-21T09:31:57","slug":"nb-i-szegedrol-szerzodtetett-fiatal-tamadot-a-kecskemet","status":"publish","type":"post","link":"https:\/\/www.f-group.hu\/hu\/2022\/10\/21\/nb-i-szegedrol-szerzodtetett-fiatal-tamadot-a-kecskemet\/","title":{"rendered":"NB I: Szegedr\u0151l szerz\u0151dtetett fiatal t\u00e1mad\u00f3t a Kecskem\u00e9t"},"content":{"rendered":"<p><strong>\u00daj j\u00e1t\u00e9kossal b\u0151v\u00fclt a labdar\u00fag\u00f3 NB I-ben \u00fajonc Kecskem\u00e9ti TE kerete, miut\u00e1n a klub mindenben megegyezett a Szeged-Csan\u00e1d Grosics Akad\u00e9mia j\u00e1t\u00e9kos\u00e1val, Gr\u00e9czi M\u00e1rtonnal \u2013 sz\u00e1molt be r\u00f3la\u00a0<\/strong>a klub honlapja<strong>.<\/strong><\/p>\n\n\n\n<p>A 22 \u00e9ves t\u00e1mad\u00f3 a KTE saj\u00e1t nevel\u00e9s\u0171 j\u00e1t\u00e9kosa, \u00edgy tulajdonk\u00e9ppen most hazat\u00e9r.<\/p>\n\n\n\n<p><strong>Gr\u00e9czi M\u00e1rton&nbsp;<\/strong>Izs\u00e1kr\u00f3l 2011-ben ker\u00fclt a KTE-hez, sz\u00e1molatlanul l\u0151tte a g\u00f3lokat a koroszt\u00e1lyos csapatokban, s beker\u00fclt az U15-\u00f6s ut\u00e1np\u00f3tl\u00e1s-v\u00e1logatottba is \u2013 nem meglep\u0151 m\u00f3don 2015-ben le is csapott r\u00e1 az MTK.<\/p>\n\n\n\n<p>A k\u00e9k-feh\u00e9rekn\u00e9l mutatkozhatott be a feln\u0151ttek k\u00f6z\u00f6tt, az NB II-ben a 2017\u20132018-as ki\u00edr\u00e1sban l\u00e9phetett p\u00e1ly\u00e1ra el\u0151sz\u00f6r. 2018 nyar\u00e1n az MTK egy \u00e9vre k\u00f6lcs\u00f6nadta a Tiszak\u00e9csk\u00e9nek, ahol \u00e9ppen Szab\u00f3 Istv\u00e1n jelenlegi kecskem\u00e9ti tr\u00e9ner keze alatt j\u00e1tszhatott. Els\u0151 teljes NB II-es id\u00e9ny\u00e9ben 18 m\u00e9rk\u0151z\u00e9sen egy g\u00f3lt szerzett, majd a B\u00e9k\u00e9scsaba v\u00e1s\u00e1rolta meg, ahol 28 t\u00e9tm\u00e9rk\u0151z\u00e9sen m\u00e1r 6 g\u00f3l \u00e9s 4 g\u00f3lpassz ker\u00fclt a neve mell\u00e9.<br><br>2020 nyar\u00e1n igazolt Szegedre, ahol els\u0151 id\u00e9ny\u00e9ben 24 tal\u00e1lkoz\u00f3n egyszer tal\u00e1lt be, azt\u00e1n a tavasszal 4. helyig menetel\u0151 egy\u00fcttesben 32 fell\u00e9p\u00e9s\u00e9n 2 g\u00f3l mellett 7 g\u00f3lpasszt osztott ki.<\/p>\n\n\n\n<p>A 22 \u00e9ves t\u00e1mad\u00f3 sz\u00e9p eml\u00e9kekkel t\u00e9r vissza Kecskem\u00e9tre \u00e9s izgatottan v\u00e1rja, hogy nevel\u0151egyes\u00fclet\u00e9ben mutatkozhasson be az NB I-ben, ami gyerekkori v\u00e1gya volt.<\/p>\n\n\n\n<p>\u201e<em>B\u00e1cs-Kiskun megyei gyerekk\u00e9nt hatalmas megtiszteltet\u00e9s \u00e9s \u00e9lm\u00e9ny sz\u00e1momra, hogy rem\u00e9lhet\u0151leg Kecskem\u00e9ten mutatkozhatok be az NB I-ben&nbsp;<\/em>\u2013 ecsetelte a klubhonlapon.&nbsp;<em>\u2013 Itt sz\u00fclettem, itt futballoztam az ut\u00e1np\u00f3tl\u00e1sban, \u00edgy egy \u00e1lmom v\u00e1lhat val\u00f3ra ezzel. Ismer\u0151s a k\u00f6rnyezet minden szempontb\u00f3l sz\u00e1momra, Varga Benc\u00e9vel \u00e9s Pejovics Danil\u00f3val Szegeden j\u00e1tszottam egy\u00fctt, Ban\u00f3-Szab\u00f3 Benc\u00e9t \u00e9s Szalai Gabit a kecskem\u00e9ti ut\u00e1np\u00f3tl\u00e1sb\u00f3l ismerem j\u00f3l, Szuhodovszki Som\u00e1t pedig az MTK-b\u00f3l. T\u00e1mad\u00f3k\u00e9nt g\u00f3lokkal \u00e9s g\u00f3lpasszokkal tudom legink\u00e1bb seg\u00edteni a csapatot, de term\u00e9szetesen a k\u00f6z\u00f6s c\u00e9l, a bennmarad\u00e1s a legfontosabb. B\u00e1ty\u00e1m, Gr\u00e9czi G\u00e1bor is ell\u00e1tott term\u00e9szetesen tan\u00e1csokkal, hiszen neki m\u00e1r van m\u00faltja az NB I-ben a KTE-vel, de a szem\u00e9lyes c\u00e9lom az, hogy a m\u00e9rk\u0151z\u00e9sek \u00e9s a g\u00f3lok sz\u00e1m\u00e1ban t\u00fal tudjam sz\u00e1rnyalni, \u00fagyhogy garant\u00e1ltan menni fog a zrika k\u00f6zt\u00fcnk.\u201d<\/em><\/p>","protected":false},"excerpt":{"rendered":"<p>\u00daj j\u00e1t\u00e9kossal b\u0151v\u00fclt a labdar\u00fag\u00f3 NB I-ben \u00fajonc Kecskem\u00e9ti TE kerete, miut\u00e1n a klub mindenben megegyezett a Szeged-Csan\u00e1d Grosics Akad\u00e9mia j\u00e1t\u00e9kos\u00e1val, Gr\u00e9czi M\u00e1rtonnal \u2013 sz\u00e1molt be r\u00f3la\u00a0a klub honlapja. A 22 \u00e9ves t\u00e1mad\u00f3 a KTE saj\u00e1t nevel\u00e9s\u0171 j\u00e1t\u00e9kosa, \u00edgy tulajdonk\u00e9ppen most hazat\u00e9r. Gr\u00e9czi M\u00e1rton&nbsp;Izs\u00e1kr\u00f3l 2011-ben ker\u00fclt a KTE-hez, sz\u00e1molatlanul l\u0151tte a g\u00f3lokat a koroszt\u00e1lyos csapatokban, [&hellip;]<\/p>","protected":false},"author":4,"featured_media":878,"comment_status":"open","ping_status":"open","sticky":false,"template":"","format":"standard","meta":{"_et_pb_use_builder":"off","_et_pb_old_content":"","_et_gb_content_width":"","footnotes":""},"categories":[1],"tags":[],"yoast_head":"<!-- This site is optimized with the Yoast SEO plugin v23.1 - https:\/\/yoast.com\/wordpress\/plugins\/seo\/ -->\n<title>NB I: Szegedr\u0151l szerz\u0151dtetett fiatal t\u00e1mad\u00f3t a Kecskem\u00e9t - F-group<\/title>\n<meta name=\"robots\" content=\"index, follow, max-snippet:-1, max-image-preview:large, max-video-preview:-1\" \/>\n<link rel=\"canonical\" href=\"https:\/\/f-group.hu\/hu\/2022\/10\/21\/nb-i-szegedrol-szerzodtetett-fiatal-tamadot-a-kecskemet\/\" \/>\n<meta property=\"og:locale\" content=\"hu_HU\" \/>\n<meta property=\"og:type\" content=\"article\" \/>\n<meta property=\"og:title\" content=\"NB I: Szegedr\u0151l szerz\u0151dtetett fiatal t\u00e1mad\u00f3t a Kecskem\u00e9t - F-group\" \/>\n<meta property=\"og:description\" content=\"\u00daj j\u00e1t\u00e9kossal b\u0151v\u00fclt a labdar\u00fag\u00f3 NB I-ben \u00fajonc Kecskem\u00e9ti TE kerete, miut\u00e1n a klub mindenben megegyezett a Szeged-Csan\u00e1d Grosics Akad\u00e9mia j\u00e1t\u00e9kos\u00e1val, Gr\u00e9czi M\u00e1rtonnal \u2013 sz\u00e1molt be r\u00f3la\u00a0a klub honlapja. A 22 \u00e9ves t\u00e1mad\u00f3 a KTE saj\u00e1t nevel\u00e9s\u0171 j\u00e1t\u00e9kosa, \u00edgy tulajdonk\u00e9ppen most hazat\u00e9r. Gr\u00e9czi M\u00e1rton&nbsp;Izs\u00e1kr\u00f3l 2011-ben ker\u00fclt a KTE-hez, sz\u00e1molatlanul l\u0151tte a g\u00f3lokat a koroszt\u00e1lyos csapatokban, [&hellip;]\" \/>\n<meta property=\"og:url\" content=\"https:\/\/f-group.hu\/hu\/2022\/10\/21\/nb-i-szegedrol-szerzodtetett-fiatal-tamadot-a-kecskemet\/\" \/>\n<meta property=\"og:site_name\" content=\"F-group\" \/>\n<meta property=\"article:published_time\" content=\"2022-10-21T08:24:37+00:00\" \/>\n<meta property=\"article:modified_time\" content=\"2022-10-21T09:31:57+00:00\" \/>\n<meta property=\"og:image\" content=\"https:\/\/f-group.hu\/wp-content\/uploads\/2022\/10\/greczi_m__960px.jpg\" \/>\n\t<meta property=\"og:image:width\" content=\"800\" \/>\n\t<meta property=\"og:image:height\" content=\"600\" \/>\n\t<meta property=\"og:image:type\" content=\"image\/jpeg\" \/>\n<meta name=\"author\" content=\"garanddesign\" \/>\n<meta name=\"twitter:card\" content=\"summary_large_image\" \/>\n<meta name=\"twitter:label1\" content=\"Szerz\u0151:\" \/>\n\t<meta name=\"twitter:data1\" content=\"garanddesign\" \/>\n\t<meta name=\"twitter:label2\" content=\"Becs\u00fclt olvas\u00e1si id\u0151\" \/>\n\t<meta name=\"twitter:data2\" content=\"2 perc\" \/>\n<script type=\"application\/ld+json\" class=\"yoast-schema-graph\">{\"@context\":\"https:\/\/schema.org\",\"@graph\":[{\"@type\":\"WebPage\",\"@id\":\"https:\/\/f-group.hu\/hu\/2022\/10\/21\/nb-i-szegedrol-szerzodtetett-fiatal-tamadot-a-kecskemet\/\",\"url\":\"https:\/\/f-group.hu\/hu\/2022\/10\/21\/nb-i-szegedrol-szerzodtetett-fiatal-tamadot-a-kecskemet\/\",\"name\":\"NB I: Szegedr\u0151l szerz\u0151dtetett fiatal t\u00e1mad\u00f3t a Kecskem\u00e9t - F-group\",\"isPartOf\":{\"@id\":\"https:\/\/www.f-group.hu\/#website\"},\"primaryImageOfPage\":{\"@id\":\"https:\/\/f-group.hu\/hu\/2022\/10\/21\/nb-i-szegedrol-szerzodtetett-fiatal-tamadot-a-kecskemet\/#primaryimage\"},\"image\":{\"@id\":\"https:\/\/f-group.hu\/hu\/2022\/10\/21\/nb-i-szegedrol-szerzodtetett-fiatal-tamadot-a-kecskemet\/#primaryimage\"},\"thumbnailUrl\":\"https:\/\/www.f-group.hu\/wp-content\/uploads\/2022\/10\/greczi_m__960px.jpg\",\"datePublished\":\"2022-10-21T08:24:37+00:00\",\"dateModified\":\"2022-10-21T09:31:57+00:00\",\"author\":{\"@id\":\"https:\/\/www.f-group.hu\/#\/schema\/person\/d9e3f0aad33bb45b1f4a26abaddeb3c6\"},\"breadcrumb\":{\"@id\":\"https:\/\/f-group.hu\/hu\/2022\/10\/21\/nb-i-szegedrol-szerzodtetett-fiatal-tamadot-a-kecskemet\/#breadcrumb\"},\"inLanguage\":\"hu\",\"potentialAction\":[{\"@type\":\"ReadAction\",\"target\":[\"https:\/\/f-group.hu\/hu\/2022\/10\/21\/nb-i-szegedrol-szerzodtetett-fiatal-tamadot-a-kecskemet\/\"]}]},{\"@type\":\"ImageObject\",\"inLanguage\":\"hu\",\"@id\":\"https:\/\/f-group.hu\/hu\/2022\/10\/21\/nb-i-szegedrol-szerzodtetett-fiatal-tamadot-a-kecskemet\/#primaryimage\",\"url\":\"https:\/\/www.f-group.hu\/wp-content\/uploads\/2022\/10\/greczi_m__960px.jpg\",\"contentUrl\":\"https:\/\/www.f-group.hu\/wp-content\/uploads\/2022\/10\/greczi_m__960px.jpg\",\"width\":800,\"height\":600,\"caption\":\"greczi_m__960px\"},{\"@type\":\"BreadcrumbList\",\"@id\":\"https:\/\/f-group.hu\/hu\/2022\/10\/21\/nb-i-szegedrol-szerzodtetett-fiatal-tamadot-a-kecskemet\/#breadcrumb\",\"itemListElement\":[{\"@type\":\"ListItem\",\"position\":1,\"name\":\"Home\",\"item\":\"https:\/\/f-group.hu\/\"},{\"@type\":\"ListItem\",\"position\":2,\"name\":\"NB I: Szegedr\u0151l szerz\u0151dtetett fiatal t\u00e1mad\u00f3t a Kecskem\u00e9t\"}]},{\"@type\":\"WebSite\",\"@id\":\"https:\/\/www.f-group.hu\/#website\",\"url\":\"https:\/\/www.f-group.hu\/\",\"name\":\"F-group\",\"description\":\"Professzion\u00e1lis j\u00e1t\u00e9kosmenedzsment\",\"potentialAction\":[{\"@type\":\"SearchAction\",\"target\":{\"@type\":\"EntryPoint\",\"urlTemplate\":\"https:\/\/www.f-group.hu\/?s={search_term_string}\"},\"query-input\":\"required name=search_term_string\"}],\"inLanguage\":\"hu\"},{\"@type\":\"Person\",\"@id\":\"https:\/\/www.f-group.hu\/#\/schema\/person\/d9e3f0aad33bb45b1f4a26abaddeb3c6\",\"name\":\"garanddesign\",\"image\":{\"@type\":\"ImageObject\",\"inLanguage\":\"hu\",\"@id\":\"https:\/\/www.f-group.hu\/#\/schema\/person\/image\/\",\"url\":\"https:\/\/secure.gravatar.com\/avatar\/ffbf9dcf27b7adbe0a7e413d1c0aff22?s=96&d=mm&r=g\",\"contentUrl\":\"https:\/\/secure.gravatar.com\/avatar\/ffbf9dcf27b7adbe0a7e413d1c0aff22?s=96&d=mm&r=g\",\"caption\":\"garanddesign\"},\"url\":\"https:\/\/www.f-group.hu\/hu\/author\/garanddesign\/\"}]}<\/script>\n<!-- \/ Yoast SEO plugin. -->","yoast_head_json":{"title":"NB I: Szegedr\u0151l szerz\u0151dtetett fiatal t\u00e1mad\u00f3t a Kecskem\u00e9t - F-group","robots":{"index":"index","follow":"follow","max-snippet":"max-snippet:-1","max-image-preview":"max-image-preview:large","max-video-preview":"max-video-preview:-1"},"canonical":"https:\/\/f-group.hu\/hu\/2022\/10\/21\/nb-i-szegedrol-szerzodtetett-fiatal-tamadot-a-kecskemet\/","og_locale":"hu_HU","og_type":"article","og_title":"NB I: Szegedr\u0151l szerz\u0151dtetett fiatal t\u00e1mad\u00f3t a Kecskem\u00e9t - F-group","og_description":"\u00daj j\u00e1t\u00e9kossal b\u0151v\u00fclt a labdar\u00fag\u00f3 NB I-ben \u00fajonc Kecskem\u00e9ti TE kerete, miut\u00e1n a klub mindenben megegyezett a Szeged-Csan\u00e1d Grosics Akad\u00e9mia j\u00e1t\u00e9kos\u00e1val, Gr\u00e9czi M\u00e1rtonnal \u2013 sz\u00e1molt be r\u00f3la\u00a0a klub honlapja. A 22 \u00e9ves t\u00e1mad\u00f3 a KTE saj\u00e1t nevel\u00e9s\u0171 j\u00e1t\u00e9kosa, \u00edgy tulajdonk\u00e9ppen most hazat\u00e9r. Gr\u00e9czi M\u00e1rton&nbsp;Izs\u00e1kr\u00f3l 2011-ben ker\u00fclt a KTE-hez, sz\u00e1molatlanul l\u0151tte a g\u00f3lokat a koroszt\u00e1lyos csapatokban, [&hellip;]","og_url":"https:\/\/f-group.hu\/hu\/2022\/10\/21\/nb-i-szegedrol-szerzodtetett-fiatal-tamadot-a-kecskemet\/","og_site_name":"F-group","article_published_time":"2022-10-21T08:24:37+00:00","article_modified_time":"2022-10-21T09:31:57+00:00","og_image":[{"width":800,"height":600,"url":"https:\/\/f-group.hu\/wp-content\/uploads\/2022\/10\/greczi_m__960px.jpg","type":"image\/jpeg"}],"author":"garanddesign","twitter_card":"summary_large_image","twitter_misc":{"Szerz\u0151:":"garanddesign","Becs\u00fclt olvas\u00e1si id\u0151":"2 perc"},"schema":{"@context":"https:\/\/schema.org","@graph":[{"@type":"WebPage","@id":"https:\/\/f-group.hu\/hu\/2022\/10\/21\/nb-i-szegedrol-szerzodtetett-fiatal-tamadot-a-kecskemet\/","url":"https:\/\/f-group.hu\/hu\/2022\/10\/21\/nb-i-szegedrol-szerzodtetett-fiatal-tamadot-a-kecskemet\/","name":"NB I: Szegedr\u0151l szerz\u0151dtetett fiatal t\u00e1mad\u00f3t a Kecskem\u00e9t - F-group","isPartOf":{"@id":"https:\/\/www.f-group.hu\/#website"},"primaryImageOfPage":{"@id":"https:\/\/f-group.hu\/hu\/2022\/10\/21\/nb-i-szegedrol-szerzodtetett-fiatal-tamadot-a-kecskemet\/#primaryimage"},"image":{"@id":"https:\/\/f-group.hu\/hu\/2022\/10\/21\/nb-i-szegedrol-szerzodtetett-fiatal-tamadot-a-kecskemet\/#primaryimage"},"thumbnailUrl":"https:\/\/www.f-group.hu\/wp-content\/uploads\/2022\/10\/greczi_m__960px.jpg","datePublished":"2022-10-21T08:24:37+00:00","dateModified":"2022-10-21T09:31:57+00:00","author":{"@id":"https:\/\/www.f-group.hu\/#\/schema\/person\/d9e3f0aad33bb45b1f4a26abaddeb3c6"},"breadcrumb":{"@id":"https:\/\/f-group.hu\/hu\/2022\/10\/21\/nb-i-szegedrol-szerzodtetett-fiatal-tamadot-a-kecskemet\/#breadcrumb"},"inLanguage":"hu","potentialAction":[{"@type":"ReadAction","target":["https:\/\/f-group.hu\/hu\/2022\/10\/21\/nb-i-szegedrol-szerzodtetett-fiatal-tamadot-a-kecskemet\/"]}]},{"@type":"ImageObject","inLanguage":"hu","@id":"https:\/\/f-group.hu\/hu\/2022\/10\/21\/nb-i-szegedrol-szerzodtetett-fiatal-tamadot-a-kecskemet\/#primaryimage","url":"https:\/\/www.f-group.hu\/wp-content\/uploads\/2022\/10\/greczi_m__960px.jpg","contentUrl":"https:\/\/www.f-group.hu\/wp-content\/uploads\/2022\/10\/greczi_m__960px.jpg","width":800,"height":600,"caption":"greczi_m__960px"},{"@type":"BreadcrumbList","@id":"https:\/\/f-group.hu\/hu\/2022\/10\/21\/nb-i-szegedrol-szerzodtetett-fiatal-tamadot-a-kecskemet\/#breadcrumb","itemListElement":[{"@type":"ListItem","position":1,"name":"Home","item":"https:\/\/f-group.hu\/"},{"@type":"ListItem","position":2,"name":"NB I: Szegedr\u0151l szerz\u0151dtetett fiatal t\u00e1mad\u00f3t a Kecskem\u00e9t"}]},{"@type":"WebSite","@id":"https:\/\/www.f-group.hu\/#website","url":"https:\/\/www.f-group.hu\/","name":"F-group","description":"Professzion\u00e1lis j\u00e1t\u00e9kosmenedzsment","potentialAction":[{"@type":"SearchAction","target":{"@type":"EntryPoint","urlTemplate":"https:\/\/www.f-group.hu\/?s={search_term_string}"},"query-input":"required name=search_term_string"}],"inLanguage":"hu"},{"@type":"Person","@id":"https:\/\/www.f-group.hu\/#\/schema\/person\/d9e3f0aad33bb45b1f4a26abaddeb3c6","name":"garanddesign","image":{"@type":"ImageObject","inLanguage":"hu","@id":"https:\/\/www.f-group.hu\/#\/schema\/person\/image\/","url":"https:\/\/secure.gravatar.com\/avatar\/ffbf9dcf27b7adbe0a7e413d1c0aff22?s=96&d=mm&r=g","contentUrl":"https:\/\/secure.gravatar.com\/avatar\/ffbf9dcf27b7adbe0a7e413d1c0aff22?s=96&d=mm&r=g","caption":"garanddesign"},"url":"https:\/\/www.f-group.hu\/hu\/author\/garanddesign\/"}]}},"jetpack_featured_media_url":"https:\/\/www.f-group.hu\/wp-content\/uploads\/2022\/10\/greczi_m__960px.jpg","_links":{"self":[{"href":"https:\/\/www.f-group.hu\/hu\/wp-json\/wp\/v2\/posts\/877"}],"collection":[{"href":"https:\/\/www.f-group.hu\/hu\/wp-json\/wp\/v2\/posts"}],"about":[{"href":"https:\/\/www.f-group.hu\/hu\/wp-json\/wp\/v2\/types\/post"}],"author":[{"embeddable":true,"href":"https:\/\/www.f-group.hu\/hu\/wp-json\/wp\/v2\/users\/4"}],"replies":[{"embeddable":true,"href":"https:\/\/www.f-group.hu\/hu\/wp-json\/wp\/v2\/comments?post=877"}],"version-history":[{"count":1,"href":"https:\/\/www.f-group.hu\/hu\/wp-json\/wp\/v2\/posts\/877\/revisions"}],"predecessor-version":[{"id":879,"href":"https:\/\/www.f-group.hu\/hu\/wp-json\/wp\/v2\/posts\/877\/revisions\/879"}],"wp:featuredmedia":[{"embeddable":true,"href":"https:\/\/www.f-group.hu\/hu\/wp-json\/wp\/v2\/media\/878"}],"wp:attachment":[{"href":"https:\/\/www.f-group.hu\/hu\/wp-json\/wp\/v2\/media?parent=877"}],"wp:term":[{"taxonomy":"category","embeddable":true,"href":"https:\/\/www.f-group.hu\/hu\/wp-json\/wp\/v2\/categories?post=877"},{"taxonomy":"post_tag","embeddable":true,"href":"https:\/\/www.f-group.hu\/hu\/wp-json\/wp\/v2\/tags?post=877"}],"curies":[{"name":"wp","href":"https:\/\/api.w.org\/{rel}","templated":true}]}}