{"id":831,"date":"2022-07-26T09:29:31","date_gmt":"2022-07-26T09:29:31","guid":{"rendered":"https:\/\/f-group.hu\/?p=831"},"modified":"2022-07-26T09:29:31","modified_gmt":"2022-07-26T09:29:31","slug":"a-22-eves-filipovic-markoval-erositette-tamadosorat-a-szentlorinc","status":"publish","type":"post","link":"https:\/\/www.f-group.hu\/hu\/2022\/07\/26\/a-22-eves-filipovic-markoval-erositette-tamadosorat-a-szentlorinc\/","title":{"rendered":"A 22 \u00e9ves Filipovic Mark\u00f3val er\u0151s\u00edtette t\u00e1mad\u00f3sor\u00e1t a Szentl\u0151rinc"},"content":{"rendered":"<p>Filipovic Marko a Vasas Kubala Akad\u00e9mi\u00e1n nevelkedett, majd 2017-ben ker\u00fclt az \u00dajpest k\u00f6tel\u00e9k\u00e9be. A lila-feh\u00e9reknek n\u00e9gy alkalommal is tagja volt az NB I-es keretnek, de az \u00e9lvonalban nem mutatkozhatott be. A 2019\u20132020-as id\u00e9nyben a V\u00e1c NB II-es csapat\u00e1ban mutatkozott be a feln\u0151ttek k\u00f6z\u00f6tt. K\u00f6lcs\u00f6nben szerepelt m\u00e9g Bicsk\u00e9n \u00e9s a szerb m\u00e1sodoszt\u00e1lyban is. A legut\u00f3bbi bajnoki id\u00e9nyt a BVSC-Zugl\u00f3 NB II-es csapat\u00e1n\u00e1l t\u00f6lt\u00f6tte, amelyben 19 bajnokin l\u00e9pett p\u00e1ly\u00e1ra, \u00e9s h\u00e1rom g\u00f3lt szerzett.<\/p>\n\n\n\n<p>\u201eA p\u00e1lyafut\u00e1somat t\u00f6bbsz\u00f6r is s\u00e9r\u00fcl\u00e9sek h\u00e1tr\u00e1ltatt\u00e1k, nagyon b\u00edzom benne, hogy ezek most elker\u00fclnek Szentl\u0151rincen, mert ha \u00edgy lesz, biztosan seg\u00edteni tudok a csapatnak abban, hogy el\u00e9rje a c\u00e9lj\u00e1t, \u00e9s bent maradjon! \u2013 mondta Filipovic Marko. \u2013 Nagyon \u00f6r\u00fcltem a baranyai klub megkeres\u00e9s\u00e9nek, hiszen azt jelentette, hogy a m\u00e1sodoszt\u00e1lyban futballozhatok a k\u00f6vetkez\u0151 id\u00e9nyben, ahol v\u00e9lem\u00e9nyem szerint meg fogom \u00e1llni a helyem. Ismerem a szakmai st\u00e1b tagjait, Jeremi\u00e1s Gerg\u0151t \u00e9s Kem\u00e9ny Krist\u00f3fot, valamint a sportigazgat\u00f3t, Fekete Tivadart is, \u0151k garanci\u00e1t jelentenek a kifog\u00e1stalan szakmai munk\u00e1ra. Rem\u00e9lem, az el\u0151tt\u00fcnk \u00e1ll\u00f3 h\u00f3napokban sok id\u0151t t\u00f6lthetek majd a p\u00e1ly\u00e1n, \u00e9s j\u00f3 j\u00e1t\u00e9kkal, g\u00f3lokkal, g\u00f3lpasszokkal seg\u00edthetem a csapatot!\u201d<\/p>","protected":false},"excerpt":{"rendered":"<p>Filipovic Marko a Vasas Kubala Akad\u00e9mi\u00e1n nevelkedett, majd 2017-ben ker\u00fclt az \u00dajpest k\u00f6tel\u00e9k\u00e9be. A lila-feh\u00e9reknek n\u00e9gy alkalommal is tagja volt az NB I-es keretnek, de az \u00e9lvonalban nem mutatkozhatott be. A 2019\u20132020-as id\u00e9nyben a V\u00e1c NB II-es csapat\u00e1ban mutatkozott be a feln\u0151ttek k\u00f6z\u00f6tt. K\u00f6lcs\u00f6nben szerepelt m\u00e9g Bicsk\u00e9n \u00e9s a szerb m\u00e1sodoszt\u00e1lyban is. A legut\u00f3bbi bajnoki [&hellip;]<\/p>","protected":false},"author":4,"featured_media":832,"comment_status":"open","ping_status":"open","sticky":false,"template":"","format":"standard","meta":{"_et_pb_use_builder":"off","_et_pb_old_content":"","_et_gb_content_width":"","footnotes":""},"categories":[1],"tags":[],"yoast_head":"<!-- This site is optimized with the Yoast SEO plugin v23.1 - https:\/\/yoast.com\/wordpress\/plugins\/seo\/ -->\n<title>A 22 \u00e9ves Filipovic Mark\u00f3val er\u0151s\u00edtette t\u00e1mad\u00f3sor\u00e1t a Szentl\u0151rinc - F-group<\/title>\n<meta name=\"robots\" content=\"index, follow, max-snippet:-1, max-image-preview:large, max-video-preview:-1\" \/>\n<link rel=\"canonical\" href=\"https:\/\/www.f-group.hu\/hu\/2022\/07\/26\/a-22-eves-filipovic-markoval-erositette-tamadosorat-a-szentlorinc\/\" \/>\n<meta property=\"og:locale\" content=\"hu_HU\" \/>\n<meta property=\"og:type\" content=\"article\" \/>\n<meta property=\"og:title\" content=\"A 22 \u00e9ves Filipovic Mark\u00f3val er\u0151s\u00edtette t\u00e1mad\u00f3sor\u00e1t a Szentl\u0151rinc - F-group\" \/>\n<meta property=\"og:description\" content=\"Filipovic Marko a Vasas Kubala Akad\u00e9mi\u00e1n nevelkedett, majd 2017-ben ker\u00fclt az \u00dajpest k\u00f6tel\u00e9k\u00e9be. A lila-feh\u00e9reknek n\u00e9gy alkalommal is tagja volt az NB I-es keretnek, de az \u00e9lvonalban nem mutatkozhatott be. A 2019\u20132020-as id\u00e9nyben a V\u00e1c NB II-es csapat\u00e1ban mutatkozott be a feln\u0151ttek k\u00f6z\u00f6tt. K\u00f6lcs\u00f6nben szerepelt m\u00e9g Bicsk\u00e9n \u00e9s a szerb m\u00e1sodoszt\u00e1lyban is. A legut\u00f3bbi bajnoki [&hellip;]\" \/>\n<meta property=\"og:url\" content=\"https:\/\/www.f-group.hu\/hu\/2022\/07\/26\/a-22-eves-filipovic-markoval-erositette-tamadosorat-a-szentlorinc\/\" \/>\n<meta property=\"og:site_name\" content=\"F-group\" \/>\n<meta property=\"article:published_time\" content=\"2022-07-26T09:29:31+00:00\" \/>\n<meta property=\"og:image\" content=\"https:\/\/www.f-group.hu\/wp-content\/uploads\/2022\/07\/IMG-20220722-WA0007.jpg\" \/>\n\t<meta property=\"og:image:width\" content=\"800\" \/>\n\t<meta property=\"og:image:height\" content=\"600\" \/>\n\t<meta property=\"og:image:type\" content=\"image\/jpeg\" \/>\n<meta name=\"author\" content=\"garanddesign\" \/>\n<meta name=\"twitter:card\" content=\"summary_large_image\" \/>\n<meta name=\"twitter:label1\" content=\"Szerz\u0151:\" \/>\n\t<meta name=\"twitter:data1\" content=\"garanddesign\" \/>\n\t<meta name=\"twitter:label2\" content=\"Becs\u00fclt olvas\u00e1si id\u0151\" \/>\n\t<meta name=\"twitter:data2\" content=\"1 perc\" \/>\n<script type=\"application\/ld+json\" class=\"yoast-schema-graph\">{\"@context\":\"https:\/\/schema.org\",\"@graph\":[{\"@type\":\"WebPage\",\"@id\":\"https:\/\/www.f-group.hu\/hu\/2022\/07\/26\/a-22-eves-filipovic-markoval-erositette-tamadosorat-a-szentlorinc\/\",\"url\":\"https:\/\/www.f-group.hu\/hu\/2022\/07\/26\/a-22-eves-filipovic-markoval-erositette-tamadosorat-a-szentlorinc\/\",\"name\":\"A 22 \u00e9ves Filipovic Mark\u00f3val er\u0151s\u00edtette t\u00e1mad\u00f3sor\u00e1t a Szentl\u0151rinc - F-group\",\"isPartOf\":{\"@id\":\"https:\/\/www.f-group.hu\/#website\"},\"primaryImageOfPage\":{\"@id\":\"https:\/\/www.f-group.hu\/hu\/2022\/07\/26\/a-22-eves-filipovic-markoval-erositette-tamadosorat-a-szentlorinc\/#primaryimage\"},\"image\":{\"@id\":\"https:\/\/www.f-group.hu\/hu\/2022\/07\/26\/a-22-eves-filipovic-markoval-erositette-tamadosorat-a-szentlorinc\/#primaryimage\"},\"thumbnailUrl\":\"https:\/\/www.f-group.hu\/wp-content\/uploads\/2022\/07\/IMG-20220722-WA0007.jpg\",\"datePublished\":\"2022-07-26T09:29:31+00:00\",\"dateModified\":\"2022-07-26T09:29:31+00:00\",\"author\":{\"@id\":\"https:\/\/www.f-group.hu\/#\/schema\/person\/d9e3f0aad33bb45b1f4a26abaddeb3c6\"},\"breadcrumb\":{\"@id\":\"https:\/\/www.f-group.hu\/hu\/2022\/07\/26\/a-22-eves-filipovic-markoval-erositette-tamadosorat-a-szentlorinc\/#breadcrumb\"},\"inLanguage\":\"hu\",\"potentialAction\":[{\"@type\":\"ReadAction\",\"target\":[\"https:\/\/www.f-group.hu\/hu\/2022\/07\/26\/a-22-eves-filipovic-markoval-erositette-tamadosorat-a-szentlorinc\/\"]}]},{\"@type\":\"ImageObject\",\"inLanguage\":\"hu\",\"@id\":\"https:\/\/www.f-group.hu\/hu\/2022\/07\/26\/a-22-eves-filipovic-markoval-erositette-tamadosorat-a-szentlorinc\/#primaryimage\",\"url\":\"https:\/\/www.f-group.hu\/wp-content\/uploads\/2022\/07\/IMG-20220722-WA0007.jpg\",\"contentUrl\":\"https:\/\/www.f-group.hu\/wp-content\/uploads\/2022\/07\/IMG-20220722-WA0007.jpg\",\"width\":800,\"height\":600,\"caption\":\"filip-marco\"},{\"@type\":\"BreadcrumbList\",\"@id\":\"https:\/\/www.f-group.hu\/hu\/2022\/07\/26\/a-22-eves-filipovic-markoval-erositette-tamadosorat-a-szentlorinc\/#breadcrumb\",\"itemListElement\":[{\"@type\":\"ListItem\",\"position\":1,\"name\":\"Home\",\"item\":\"https:\/\/f-group.hu\/\"},{\"@type\":\"ListItem\",\"position\":2,\"name\":\"A 22 \u00e9ves Filipovic Mark\u00f3val er\u0151s\u00edtette t\u00e1mad\u00f3sor\u00e1t a Szentl\u0151rinc\"}]},{\"@type\":\"WebSite\",\"@id\":\"https:\/\/www.f-group.hu\/#website\",\"url\":\"https:\/\/www.f-group.hu\/\",\"name\":\"F-group\",\"description\":\"Professzion\u00e1lis j\u00e1t\u00e9kosmenedzsment\",\"potentialAction\":[{\"@type\":\"SearchAction\",\"target\":{\"@type\":\"EntryPoint\",\"urlTemplate\":\"https:\/\/www.f-group.hu\/?s={search_term_string}\"},\"query-input\":\"required name=search_term_string\"}],\"inLanguage\":\"hu\"},{\"@type\":\"Person\",\"@id\":\"https:\/\/www.f-group.hu\/#\/schema\/person\/d9e3f0aad33bb45b1f4a26abaddeb3c6\",\"name\":\"garanddesign\",\"image\":{\"@type\":\"ImageObject\",\"inLanguage\":\"hu\",\"@id\":\"https:\/\/www.f-group.hu\/#\/schema\/person\/image\/\",\"url\":\"https:\/\/secure.gravatar.com\/avatar\/ffbf9dcf27b7adbe0a7e413d1c0aff22?s=96&d=mm&r=g\",\"contentUrl\":\"https:\/\/secure.gravatar.com\/avatar\/ffbf9dcf27b7adbe0a7e413d1c0aff22?s=96&d=mm&r=g\",\"caption\":\"garanddesign\"},\"url\":\"https:\/\/www.f-group.hu\/hu\/author\/garanddesign\/\"}]}<\/script>\n<!-- \/ Yoast SEO plugin. -->","yoast_head_json":{"title":"A 22 \u00e9ves Filipovic Mark\u00f3val er\u0151s\u00edtette t\u00e1mad\u00f3sor\u00e1t a Szentl\u0151rinc - F-group","robots":{"index":"index","follow":"follow","max-snippet":"max-snippet:-1","max-image-preview":"max-image-preview:large","max-video-preview":"max-video-preview:-1"},"canonical":"https:\/\/www.f-group.hu\/hu\/2022\/07\/26\/a-22-eves-filipovic-markoval-erositette-tamadosorat-a-szentlorinc\/","og_locale":"hu_HU","og_type":"article","og_title":"A 22 \u00e9ves Filipovic Mark\u00f3val er\u0151s\u00edtette t\u00e1mad\u00f3sor\u00e1t a Szentl\u0151rinc - F-group","og_description":"Filipovic Marko a Vasas Kubala Akad\u00e9mi\u00e1n nevelkedett, majd 2017-ben ker\u00fclt az \u00dajpest k\u00f6tel\u00e9k\u00e9be. A lila-feh\u00e9reknek n\u00e9gy alkalommal is tagja volt az NB I-es keretnek, de az \u00e9lvonalban nem mutatkozhatott be. A 2019\u20132020-as id\u00e9nyben a V\u00e1c NB II-es csapat\u00e1ban mutatkozott be a feln\u0151ttek k\u00f6z\u00f6tt. K\u00f6lcs\u00f6nben szerepelt m\u00e9g Bicsk\u00e9n \u00e9s a szerb m\u00e1sodoszt\u00e1lyban is. A legut\u00f3bbi bajnoki [&hellip;]","og_url":"https:\/\/www.f-group.hu\/hu\/2022\/07\/26\/a-22-eves-filipovic-markoval-erositette-tamadosorat-a-szentlorinc\/","og_site_name":"F-group","article_published_time":"2022-07-26T09:29:31+00:00","og_image":[{"width":800,"height":600,"url":"https:\/\/www.f-group.hu\/wp-content\/uploads\/2022\/07\/IMG-20220722-WA0007.jpg","type":"image\/jpeg"}],"author":"garanddesign","twitter_card":"summary_large_image","twitter_misc":{"Szerz\u0151:":"garanddesign","Becs\u00fclt olvas\u00e1si id\u0151":"1 perc"},"schema":{"@context":"https:\/\/schema.org","@graph":[{"@type":"WebPage","@id":"https:\/\/www.f-group.hu\/hu\/2022\/07\/26\/a-22-eves-filipovic-markoval-erositette-tamadosorat-a-szentlorinc\/","url":"https:\/\/www.f-group.hu\/hu\/2022\/07\/26\/a-22-eves-filipovic-markoval-erositette-tamadosorat-a-szentlorinc\/","name":"A 22 \u00e9ves Filipovic Mark\u00f3val er\u0151s\u00edtette t\u00e1mad\u00f3sor\u00e1t a Szentl\u0151rinc - F-group","isPartOf":{"@id":"https:\/\/www.f-group.hu\/#website"},"primaryImageOfPage":{"@id":"https:\/\/www.f-group.hu\/hu\/2022\/07\/26\/a-22-eves-filipovic-markoval-erositette-tamadosorat-a-szentlorinc\/#primaryimage"},"image":{"@id":"https:\/\/www.f-group.hu\/hu\/2022\/07\/26\/a-22-eves-filipovic-markoval-erositette-tamadosorat-a-szentlorinc\/#primaryimage"},"thumbnailUrl":"https:\/\/www.f-group.hu\/wp-content\/uploads\/2022\/07\/IMG-20220722-WA0007.jpg","datePublished":"2022-07-26T09:29:31+00:00","dateModified":"2022-07-26T09:29:31+00:00","author":{"@id":"https:\/\/www.f-group.hu\/#\/schema\/person\/d9e3f0aad33bb45b1f4a26abaddeb3c6"},"breadcrumb":{"@id":"https:\/\/www.f-group.hu\/hu\/2022\/07\/26\/a-22-eves-filipovic-markoval-erositette-tamadosorat-a-szentlorinc\/#breadcrumb"},"inLanguage":"hu","potentialAction":[{"@type":"ReadAction","target":["https:\/\/www.f-group.hu\/hu\/2022\/07\/26\/a-22-eves-filipovic-markoval-erositette-tamadosorat-a-szentlorinc\/"]}]},{"@type":"ImageObject","inLanguage":"hu","@id":"https:\/\/www.f-group.hu\/hu\/2022\/07\/26\/a-22-eves-filipovic-markoval-erositette-tamadosorat-a-szentlorinc\/#primaryimage","url":"https:\/\/www.f-group.hu\/wp-content\/uploads\/2022\/07\/IMG-20220722-WA0007.jpg","contentUrl":"https:\/\/www.f-group.hu\/wp-content\/uploads\/2022\/07\/IMG-20220722-WA0007.jpg","width":800,"height":600,"caption":"filip-marco"},{"@type":"BreadcrumbList","@id":"https:\/\/www.f-group.hu\/hu\/2022\/07\/26\/a-22-eves-filipovic-markoval-erositette-tamadosorat-a-szentlorinc\/#breadcrumb","itemListElement":[{"@type":"ListItem","position":1,"name":"Home","item":"https:\/\/f-group.hu\/"},{"@type":"ListItem","position":2,"name":"A 22 \u00e9ves Filipovic Mark\u00f3val er\u0151s\u00edtette t\u00e1mad\u00f3sor\u00e1t a Szentl\u0151rinc"}]},{"@type":"WebSite","@id":"https:\/\/www.f-group.hu\/#website","url":"https:\/\/www.f-group.hu\/","name":"F-group","description":"Professzion\u00e1lis j\u00e1t\u00e9kosmenedzsment","potentialAction":[{"@type":"SearchAction","target":{"@type":"EntryPoint","urlTemplate":"https:\/\/www.f-group.hu\/?s={search_term_string}"},"query-input":"required name=search_term_string"}],"inLanguage":"hu"},{"@type":"Person","@id":"https:\/\/www.f-group.hu\/#\/schema\/person\/d9e3f0aad33bb45b1f4a26abaddeb3c6","name":"garanddesign","image":{"@type":"ImageObject","inLanguage":"hu","@id":"https:\/\/www.f-group.hu\/#\/schema\/person\/image\/","url":"https:\/\/secure.gravatar.com\/avatar\/ffbf9dcf27b7adbe0a7e413d1c0aff22?s=96&d=mm&r=g","contentUrl":"https:\/\/secure.gravatar.com\/avatar\/ffbf9dcf27b7adbe0a7e413d1c0aff22?s=96&d=mm&r=g","caption":"garanddesign"},"url":"https:\/\/www.f-group.hu\/hu\/author\/garanddesign\/"}]}},"jetpack_featured_media_url":"https:\/\/www.f-group.hu\/wp-content\/uploads\/2022\/07\/IMG-20220722-WA0007.jpg","_links":{"self":[{"href":"https:\/\/www.f-group.hu\/hu\/wp-json\/wp\/v2\/posts\/831"}],"collection":[{"href":"https:\/\/www.f-group.hu\/hu\/wp-json\/wp\/v2\/posts"}],"about":[{"href":"https:\/\/www.f-group.hu\/hu\/wp-json\/wp\/v2\/types\/post"}],"author":[{"embeddable":true,"href":"https:\/\/www.f-group.hu\/hu\/wp-json\/wp\/v2\/users\/4"}],"replies":[{"embeddable":true,"href":"https:\/\/www.f-group.hu\/hu\/wp-json\/wp\/v2\/comments?post=831"}],"version-history":[{"count":1,"href":"https:\/\/www.f-group.hu\/hu\/wp-json\/wp\/v2\/posts\/831\/revisions"}],"predecessor-version":[{"id":833,"href":"https:\/\/www.f-group.hu\/hu\/wp-json\/wp\/v2\/posts\/831\/revisions\/833"}],"wp:featuredmedia":[{"embeddable":true,"href":"https:\/\/www.f-group.hu\/hu\/wp-json\/wp\/v2\/media\/832"}],"wp:attachment":[{"href":"https:\/\/www.f-group.hu\/hu\/wp-json\/wp\/v2\/media?parent=831"}],"wp:term":[{"taxonomy":"category","embeddable":true,"href":"https:\/\/www.f-group.hu\/hu\/wp-json\/wp\/v2\/categories?post=831"},{"taxonomy":"post_tag","embeddable":true,"href":"https:\/\/www.f-group.hu\/hu\/wp-json\/wp\/v2\/tags?post=831"}],"curies":[{"name":"wp","href":"https:\/\/api.w.org\/{rel}","templated":true}]}}