{"id":826,"date":"2022-07-12T14:15:23","date_gmt":"2022-07-12T14:15:23","guid":{"rendered":"https:\/\/f-group.hu\/?p=826"},"modified":"2022-07-18T14:15:36","modified_gmt":"2022-07-18T14:15:36","slug":"a-23-esztendos-takacs-zsombor-nb-ii-pmfc-ben-folytatja-palyafutasat","status":"publish","type":"post","link":"https:\/\/www.f-group.hu\/hu\/2022\/07\/12\/a-23-esztendos-takacs-zsombor-nb-ii-pmfc-ben-folytatja-palyafutasat\/","title":{"rendered":"A 23 esztend\u0151s Tak\u00e1cs Zsombor NB II-PMFC-ben folytatja p\u00e1lyafut\u00e1s\u00e1t."},"content":{"rendered":"<p>Az id\u00e9n 23. \u00e9let\u00e9v\u00e9t bet\u00f6lt\u0151 Tak\u00e1cs Zsombor a 2021\/22-es id\u00e9nyben a BVSC-Zugl\u00f3 egy\u00fcttes\u00e9ben j\u00e1tszott. Az NB III Nyugati-csoportj\u00e1ban szerepl\u0151 f\u0151v\u00e1rosi g\u00e1rd\u00e1ban alapembernek sz\u00e1m\u00edtott, 34 tal\u00e1lkoz\u00f3n v\u00e9d\u0151 l\u00e9t\u00e9re 2 g\u00f3lt szerzett. Csapat\u00e1val sok\u00e1ig es\u00e9lyesek voltak a feljut\u00e1sra, \u00e1m v\u00e9g\u00fcl a Mosonmagyar\u00f3v\u00e1r el\u0151ny\u00e9t nem tudt\u00e1k behozni.<\/p>\n\n\n\n<p>\u2013 Fejl\u0151d\u00e9sem szempontj\u00e1b\u00f3l mindenk\u00e9ppen az NB II-ben k\u00edv\u00e1ntam folytatni, ekkor j\u00f6tt a PMFC megkeres\u00e9se \u00e9s nagy \u00f6r\u00f6m\u00f6mre siker\u00fclt meg\u00e1llapodnunk. B\u00edzom benne, hogy seg\u00edteni tudom a csapatot \u00e9s id\u0151vel a v\u00e9delem meghat\u00e1roz\u00f3 tagj\u00e1v\u00e1 tudok v\u00e1lni. Tetszik a vezet\u0151edz\u0151nk elk\u00e9pzel\u00e9se, szeretn\u00e9m meg\u00e1llni a helyem \u2013 mondta a h\u00e1tv\u00e9d.<\/p>","protected":false},"excerpt":{"rendered":"<p>Az id\u00e9n 23. \u00e9let\u00e9v\u00e9t bet\u00f6lt\u0151 Tak\u00e1cs Zsombor a 2021\/22-es id\u00e9nyben a BVSC-Zugl\u00f3 egy\u00fcttes\u00e9ben j\u00e1tszott. Az NB III Nyugati-csoportj\u00e1ban szerepl\u0151 f\u0151v\u00e1rosi g\u00e1rd\u00e1ban alapembernek sz\u00e1m\u00edtott, 34 tal\u00e1lkoz\u00f3n v\u00e9d\u0151 l\u00e9t\u00e9re 2 g\u00f3lt szerzett. Csapat\u00e1val sok\u00e1ig es\u00e9lyesek voltak a feljut\u00e1sra, \u00e1m v\u00e9g\u00fcl a Mosonmagyar\u00f3v\u00e1r el\u0151ny\u00e9t nem tudt\u00e1k behozni. \u2013 Fejl\u0151d\u00e9sem szempontj\u00e1b\u00f3l mindenk\u00e9ppen az NB II-ben k\u00edv\u00e1ntam folytatni, ekkor j\u00f6tt [&hellip;]<\/p>","protected":false},"author":4,"featured_media":815,"comment_status":"open","ping_status":"open","sticky":false,"template":"","format":"standard","meta":{"_et_pb_use_builder":"off","_et_pb_old_content":"","_et_gb_content_width":"","footnotes":""},"categories":[1],"tags":[],"yoast_head":"<!-- This site is optimized with the Yoast SEO plugin v23.1 - https:\/\/yoast.com\/wordpress\/plugins\/seo\/ -->\n<title>A 23 esztend\u0151s Tak\u00e1cs Zsombor NB II-PMFC-ben folytatja p\u00e1lyafut\u00e1s\u00e1t. - F-group<\/title>\n<meta name=\"robots\" content=\"index, follow, max-snippet:-1, max-image-preview:large, max-video-preview:-1\" \/>\n<link rel=\"canonical\" href=\"https:\/\/www.f-group.hu\/hu\/2022\/07\/12\/a-23-esztendos-takacs-zsombor-nb-ii-pmfc-ben-folytatja-palyafutasat\/\" \/>\n<meta property=\"og:locale\" content=\"hu_HU\" \/>\n<meta property=\"og:type\" content=\"article\" \/>\n<meta property=\"og:title\" content=\"A 23 esztend\u0151s Tak\u00e1cs Zsombor NB II-PMFC-ben folytatja p\u00e1lyafut\u00e1s\u00e1t. - F-group\" \/>\n<meta property=\"og:description\" content=\"Az id\u00e9n 23. \u00e9let\u00e9v\u00e9t bet\u00f6lt\u0151 Tak\u00e1cs Zsombor a 2021\/22-es id\u00e9nyben a BVSC-Zugl\u00f3 egy\u00fcttes\u00e9ben j\u00e1tszott. Az NB III Nyugati-csoportj\u00e1ban szerepl\u0151 f\u0151v\u00e1rosi g\u00e1rd\u00e1ban alapembernek sz\u00e1m\u00edtott, 34 tal\u00e1lkoz\u00f3n v\u00e9d\u0151 l\u00e9t\u00e9re 2 g\u00f3lt szerzett. Csapat\u00e1val sok\u00e1ig es\u00e9lyesek voltak a feljut\u00e1sra, \u00e1m v\u00e9g\u00fcl a Mosonmagyar\u00f3v\u00e1r el\u0151ny\u00e9t nem tudt\u00e1k behozni. \u2013 Fejl\u0151d\u00e9sem szempontj\u00e1b\u00f3l mindenk\u00e9ppen az NB II-ben k\u00edv\u00e1ntam folytatni, ekkor j\u00f6tt [&hellip;]\" \/>\n<meta property=\"og:url\" content=\"https:\/\/www.f-group.hu\/hu\/2022\/07\/12\/a-23-esztendos-takacs-zsombor-nb-ii-pmfc-ben-folytatja-palyafutasat\/\" \/>\n<meta property=\"og:site_name\" content=\"F-group\" \/>\n<meta property=\"article:published_time\" content=\"2022-07-12T14:15:23+00:00\" \/>\n<meta property=\"article:modified_time\" content=\"2022-07-18T14:15:36+00:00\" \/>\n<meta property=\"og:image\" content=\"https:\/\/www.f-group.hu\/wp-content\/uploads\/2022\/07\/IMG-20220713-WA0007.png\" \/>\n\t<meta property=\"og:image:width\" content=\"800\" \/>\n\t<meta property=\"og:image:height\" content=\"700\" \/>\n\t<meta property=\"og:image:type\" content=\"image\/png\" \/>\n<meta name=\"author\" content=\"garanddesign\" \/>\n<meta name=\"twitter:card\" content=\"summary_large_image\" \/>\n<meta name=\"twitter:label1\" content=\"Szerz\u0151:\" \/>\n\t<meta name=\"twitter:data1\" content=\"garanddesign\" \/>\n\t<meta name=\"twitter:label2\" content=\"Becs\u00fclt olvas\u00e1si id\u0151\" \/>\n\t<meta name=\"twitter:data2\" content=\"1 perc\" \/>\n<script type=\"application\/ld+json\" class=\"yoast-schema-graph\">{\"@context\":\"https:\/\/schema.org\",\"@graph\":[{\"@type\":\"WebPage\",\"@id\":\"https:\/\/www.f-group.hu\/hu\/2022\/07\/12\/a-23-esztendos-takacs-zsombor-nb-ii-pmfc-ben-folytatja-palyafutasat\/\",\"url\":\"https:\/\/www.f-group.hu\/hu\/2022\/07\/12\/a-23-esztendos-takacs-zsombor-nb-ii-pmfc-ben-folytatja-palyafutasat\/\",\"name\":\"A 23 esztend\u0151s Tak\u00e1cs Zsombor NB II-PMFC-ben folytatja p\u00e1lyafut\u00e1s\u00e1t. - F-group\",\"isPartOf\":{\"@id\":\"https:\/\/www.f-group.hu\/#website\"},\"primaryImageOfPage\":{\"@id\":\"https:\/\/www.f-group.hu\/hu\/2022\/07\/12\/a-23-esztendos-takacs-zsombor-nb-ii-pmfc-ben-folytatja-palyafutasat\/#primaryimage\"},\"image\":{\"@id\":\"https:\/\/www.f-group.hu\/hu\/2022\/07\/12\/a-23-esztendos-takacs-zsombor-nb-ii-pmfc-ben-folytatja-palyafutasat\/#primaryimage\"},\"thumbnailUrl\":\"https:\/\/www.f-group.hu\/wp-content\/uploads\/2022\/07\/IMG-20220713-WA0007.png\",\"datePublished\":\"2022-07-12T14:15:23+00:00\",\"dateModified\":\"2022-07-18T14:15:36+00:00\",\"author\":{\"@id\":\"https:\/\/www.f-group.hu\/#\/schema\/person\/d9e3f0aad33bb45b1f4a26abaddeb3c6\"},\"breadcrumb\":{\"@id\":\"https:\/\/www.f-group.hu\/hu\/2022\/07\/12\/a-23-esztendos-takacs-zsombor-nb-ii-pmfc-ben-folytatja-palyafutasat\/#breadcrumb\"},\"inLanguage\":\"hu\",\"potentialAction\":[{\"@type\":\"ReadAction\",\"target\":[\"https:\/\/www.f-group.hu\/hu\/2022\/07\/12\/a-23-esztendos-takacs-zsombor-nb-ii-pmfc-ben-folytatja-palyafutasat\/\"]}]},{\"@type\":\"ImageObject\",\"inLanguage\":\"hu\",\"@id\":\"https:\/\/www.f-group.hu\/hu\/2022\/07\/12\/a-23-esztendos-takacs-zsombor-nb-ii-pmfc-ben-folytatja-palyafutasat\/#primaryimage\",\"url\":\"https:\/\/www.f-group.hu\/wp-content\/uploads\/2022\/07\/IMG-20220713-WA0007.png\",\"contentUrl\":\"https:\/\/www.f-group.hu\/wp-content\/uploads\/2022\/07\/IMG-20220713-WA0007.png\",\"width\":800,\"height\":700,\"caption\":\"takacs-zsombi-pmfc\"},{\"@type\":\"BreadcrumbList\",\"@id\":\"https:\/\/www.f-group.hu\/hu\/2022\/07\/12\/a-23-esztendos-takacs-zsombor-nb-ii-pmfc-ben-folytatja-palyafutasat\/#breadcrumb\",\"itemListElement\":[{\"@type\":\"ListItem\",\"position\":1,\"name\":\"Home\",\"item\":\"https:\/\/f-group.hu\/\"},{\"@type\":\"ListItem\",\"position\":2,\"name\":\"A 23 esztend\u0151s Tak\u00e1cs Zsombor NB II-PMFC-ben folytatja p\u00e1lyafut\u00e1s\u00e1t.\"}]},{\"@type\":\"WebSite\",\"@id\":\"https:\/\/www.f-group.hu\/#website\",\"url\":\"https:\/\/www.f-group.hu\/\",\"name\":\"F-group\",\"description\":\"Professzion\u00e1lis j\u00e1t\u00e9kosmenedzsment\",\"potentialAction\":[{\"@type\":\"SearchAction\",\"target\":{\"@type\":\"EntryPoint\",\"urlTemplate\":\"https:\/\/www.f-group.hu\/?s={search_term_string}\"},\"query-input\":\"required name=search_term_string\"}],\"inLanguage\":\"hu\"},{\"@type\":\"Person\",\"@id\":\"https:\/\/www.f-group.hu\/#\/schema\/person\/d9e3f0aad33bb45b1f4a26abaddeb3c6\",\"name\":\"garanddesign\",\"image\":{\"@type\":\"ImageObject\",\"inLanguage\":\"hu\",\"@id\":\"https:\/\/www.f-group.hu\/#\/schema\/person\/image\/\",\"url\":\"https:\/\/secure.gravatar.com\/avatar\/ffbf9dcf27b7adbe0a7e413d1c0aff22?s=96&d=mm&r=g\",\"contentUrl\":\"https:\/\/secure.gravatar.com\/avatar\/ffbf9dcf27b7adbe0a7e413d1c0aff22?s=96&d=mm&r=g\",\"caption\":\"garanddesign\"},\"url\":\"https:\/\/www.f-group.hu\/hu\/author\/garanddesign\/\"}]}<\/script>\n<!-- \/ Yoast SEO plugin. -->","yoast_head_json":{"title":"A 23 esztend\u0151s Tak\u00e1cs Zsombor NB II-PMFC-ben folytatja p\u00e1lyafut\u00e1s\u00e1t. - F-group","robots":{"index":"index","follow":"follow","max-snippet":"max-snippet:-1","max-image-preview":"max-image-preview:large","max-video-preview":"max-video-preview:-1"},"canonical":"https:\/\/www.f-group.hu\/hu\/2022\/07\/12\/a-23-esztendos-takacs-zsombor-nb-ii-pmfc-ben-folytatja-palyafutasat\/","og_locale":"hu_HU","og_type":"article","og_title":"A 23 esztend\u0151s Tak\u00e1cs Zsombor NB II-PMFC-ben folytatja p\u00e1lyafut\u00e1s\u00e1t. - F-group","og_description":"Az id\u00e9n 23. \u00e9let\u00e9v\u00e9t bet\u00f6lt\u0151 Tak\u00e1cs Zsombor a 2021\/22-es id\u00e9nyben a BVSC-Zugl\u00f3 egy\u00fcttes\u00e9ben j\u00e1tszott. Az NB III Nyugati-csoportj\u00e1ban szerepl\u0151 f\u0151v\u00e1rosi g\u00e1rd\u00e1ban alapembernek sz\u00e1m\u00edtott, 34 tal\u00e1lkoz\u00f3n v\u00e9d\u0151 l\u00e9t\u00e9re 2 g\u00f3lt szerzett. Csapat\u00e1val sok\u00e1ig es\u00e9lyesek voltak a feljut\u00e1sra, \u00e1m v\u00e9g\u00fcl a Mosonmagyar\u00f3v\u00e1r el\u0151ny\u00e9t nem tudt\u00e1k behozni. \u2013 Fejl\u0151d\u00e9sem szempontj\u00e1b\u00f3l mindenk\u00e9ppen az NB II-ben k\u00edv\u00e1ntam folytatni, ekkor j\u00f6tt [&hellip;]","og_url":"https:\/\/www.f-group.hu\/hu\/2022\/07\/12\/a-23-esztendos-takacs-zsombor-nb-ii-pmfc-ben-folytatja-palyafutasat\/","og_site_name":"F-group","article_published_time":"2022-07-12T14:15:23+00:00","article_modified_time":"2022-07-18T14:15:36+00:00","og_image":[{"width":800,"height":700,"url":"https:\/\/www.f-group.hu\/wp-content\/uploads\/2022\/07\/IMG-20220713-WA0007.png","type":"image\/png"}],"author":"garanddesign","twitter_card":"summary_large_image","twitter_misc":{"Szerz\u0151:":"garanddesign","Becs\u00fclt olvas\u00e1si id\u0151":"1 perc"},"schema":{"@context":"https:\/\/schema.org","@graph":[{"@type":"WebPage","@id":"https:\/\/www.f-group.hu\/hu\/2022\/07\/12\/a-23-esztendos-takacs-zsombor-nb-ii-pmfc-ben-folytatja-palyafutasat\/","url":"https:\/\/www.f-group.hu\/hu\/2022\/07\/12\/a-23-esztendos-takacs-zsombor-nb-ii-pmfc-ben-folytatja-palyafutasat\/","name":"A 23 esztend\u0151s Tak\u00e1cs Zsombor NB II-PMFC-ben folytatja p\u00e1lyafut\u00e1s\u00e1t. - F-group","isPartOf":{"@id":"https:\/\/www.f-group.hu\/#website"},"primaryImageOfPage":{"@id":"https:\/\/www.f-group.hu\/hu\/2022\/07\/12\/a-23-esztendos-takacs-zsombor-nb-ii-pmfc-ben-folytatja-palyafutasat\/#primaryimage"},"image":{"@id":"https:\/\/www.f-group.hu\/hu\/2022\/07\/12\/a-23-esztendos-takacs-zsombor-nb-ii-pmfc-ben-folytatja-palyafutasat\/#primaryimage"},"thumbnailUrl":"https:\/\/www.f-group.hu\/wp-content\/uploads\/2022\/07\/IMG-20220713-WA0007.png","datePublished":"2022-07-12T14:15:23+00:00","dateModified":"2022-07-18T14:15:36+00:00","author":{"@id":"https:\/\/www.f-group.hu\/#\/schema\/person\/d9e3f0aad33bb45b1f4a26abaddeb3c6"},"breadcrumb":{"@id":"https:\/\/www.f-group.hu\/hu\/2022\/07\/12\/a-23-esztendos-takacs-zsombor-nb-ii-pmfc-ben-folytatja-palyafutasat\/#breadcrumb"},"inLanguage":"hu","potentialAction":[{"@type":"ReadAction","target":["https:\/\/www.f-group.hu\/hu\/2022\/07\/12\/a-23-esztendos-takacs-zsombor-nb-ii-pmfc-ben-folytatja-palyafutasat\/"]}]},{"@type":"ImageObject","inLanguage":"hu","@id":"https:\/\/www.f-group.hu\/hu\/2022\/07\/12\/a-23-esztendos-takacs-zsombor-nb-ii-pmfc-ben-folytatja-palyafutasat\/#primaryimage","url":"https:\/\/www.f-group.hu\/wp-content\/uploads\/2022\/07\/IMG-20220713-WA0007.png","contentUrl":"https:\/\/www.f-group.hu\/wp-content\/uploads\/2022\/07\/IMG-20220713-WA0007.png","width":800,"height":700,"caption":"takacs-zsombi-pmfc"},{"@type":"BreadcrumbList","@id":"https:\/\/www.f-group.hu\/hu\/2022\/07\/12\/a-23-esztendos-takacs-zsombor-nb-ii-pmfc-ben-folytatja-palyafutasat\/#breadcrumb","itemListElement":[{"@type":"ListItem","position":1,"name":"Home","item":"https:\/\/f-group.hu\/"},{"@type":"ListItem","position":2,"name":"A 23 esztend\u0151s Tak\u00e1cs Zsombor NB II-PMFC-ben folytatja p\u00e1lyafut\u00e1s\u00e1t."}]},{"@type":"WebSite","@id":"https:\/\/www.f-group.hu\/#website","url":"https:\/\/www.f-group.hu\/","name":"F-group","description":"Professzion\u00e1lis j\u00e1t\u00e9kosmenedzsment","potentialAction":[{"@type":"SearchAction","target":{"@type":"EntryPoint","urlTemplate":"https:\/\/www.f-group.hu\/?s={search_term_string}"},"query-input":"required name=search_term_string"}],"inLanguage":"hu"},{"@type":"Person","@id":"https:\/\/www.f-group.hu\/#\/schema\/person\/d9e3f0aad33bb45b1f4a26abaddeb3c6","name":"garanddesign","image":{"@type":"ImageObject","inLanguage":"hu","@id":"https:\/\/www.f-group.hu\/#\/schema\/person\/image\/","url":"https:\/\/secure.gravatar.com\/avatar\/ffbf9dcf27b7adbe0a7e413d1c0aff22?s=96&d=mm&r=g","contentUrl":"https:\/\/secure.gravatar.com\/avatar\/ffbf9dcf27b7adbe0a7e413d1c0aff22?s=96&d=mm&r=g","caption":"garanddesign"},"url":"https:\/\/www.f-group.hu\/hu\/author\/garanddesign\/"}]}},"jetpack_featured_media_url":"https:\/\/www.f-group.hu\/wp-content\/uploads\/2022\/07\/IMG-20220713-WA0007.png","_links":{"self":[{"href":"https:\/\/www.f-group.hu\/hu\/wp-json\/wp\/v2\/posts\/826"}],"collection":[{"href":"https:\/\/www.f-group.hu\/hu\/wp-json\/wp\/v2\/posts"}],"about":[{"href":"https:\/\/www.f-group.hu\/hu\/wp-json\/wp\/v2\/types\/post"}],"author":[{"embeddable":true,"href":"https:\/\/www.f-group.hu\/hu\/wp-json\/wp\/v2\/users\/4"}],"replies":[{"embeddable":true,"href":"https:\/\/www.f-group.hu\/hu\/wp-json\/wp\/v2\/comments?post=826"}],"version-history":[{"count":1,"href":"https:\/\/www.f-group.hu\/hu\/wp-json\/wp\/v2\/posts\/826\/revisions"}],"predecessor-version":[{"id":827,"href":"https:\/\/www.f-group.hu\/hu\/wp-json\/wp\/v2\/posts\/826\/revisions\/827"}],"wp:featuredmedia":[{"embeddable":true,"href":"https:\/\/www.f-group.hu\/hu\/wp-json\/wp\/v2\/media\/815"}],"wp:attachment":[{"href":"https:\/\/www.f-group.hu\/hu\/wp-json\/wp\/v2\/media?parent=826"}],"wp:term":[{"taxonomy":"category","embeddable":true,"href":"https:\/\/www.f-group.hu\/hu\/wp-json\/wp\/v2\/categories?post=826"},{"taxonomy":"post_tag","embeddable":true,"href":"https:\/\/www.f-group.hu\/hu\/wp-json\/wp\/v2\/tags?post=826"}],"curies":[{"name":"wp","href":"https:\/\/api.w.org\/{rel}","templated":true}]}}