{"id":798,"date":"2022-07-13T14:00:44","date_gmt":"2022-07-13T14:00:44","guid":{"rendered":"https:\/\/f-group.hu\/?p=798"},"modified":"2022-07-18T14:01:22","modified_gmt":"2022-07-18T14:01:22","slug":"horvath-milan-a-mezokovesdben-folytatja","status":"publish","type":"post","link":"https:\/\/www.f-group.hu\/hu\/2022\/07\/13\/horvath-milan-a-mezokovesdben-folytatja\/","title":{"rendered":"Horv\u00e1th Mil\u00e1n a Mez\u0151k\u00f6vesdben folytatja"},"content":{"rendered":"<p>A Mez\u0151k\u00f6vesd opci\u00f3s v\u00e1s\u00e1rl\u00e1si joggal egy \u00e9vre k\u00f6lcs\u00f6nvette a Budapest Honv\u00e9dt\u00f3l a 20 \u00e9ves Horv\u00e1th Mil\u00e1nt. Az ifj\u00fa k\u00f6z\u00e9ph\u00e1tv\u00e9d a legut\u00f3bbi k\u00e9t id\u00e9nyt Si\u00f3fokon t\u00f6lt\u00f6tte k\u00f6lcs\u00f6nben, ahol \u00f6sszesen 52 m\u00e1sodoszt\u00e1ly\u00fa bajnokin \u00e9s n\u00e9gy Magyar Kupa-m\u00e9rk\u0151z\u00e9sen l\u00e9pett p\u00e1ly\u00e1ra.<br>A 193 centim\u00e9ter magas j\u00e1t\u00e9kos kor\u00e1bban szerepelt a magyar U16-os \u00e9s U17-es v\u00e1logatottban is.<\/p>\n\n\n\n<p><\/p>","protected":false},"excerpt":{"rendered":"<p>A Mez\u0151k\u00f6vesd opci\u00f3s v\u00e1s\u00e1rl\u00e1si joggal egy \u00e9vre k\u00f6lcs\u00f6nvette a Budapest Honv\u00e9dt\u00f3l a 20 \u00e9ves Horv\u00e1th Mil\u00e1nt. Az ifj\u00fa k\u00f6z\u00e9ph\u00e1tv\u00e9d a legut\u00f3bbi k\u00e9t id\u00e9nyt Si\u00f3fokon t\u00f6lt\u00f6tte k\u00f6lcs\u00f6nben, ahol \u00f6sszesen 52 m\u00e1sodoszt\u00e1ly\u00fa bajnokin \u00e9s n\u00e9gy Magyar Kupa-m\u00e9rk\u0151z\u00e9sen l\u00e9pett p\u00e1ly\u00e1ra.A 193 centim\u00e9ter magas j\u00e1t\u00e9kos kor\u00e1bban szerepelt a magyar U16-os \u00e9s U17-es v\u00e1logatottban is.<\/p>","protected":false},"author":4,"featured_media":801,"comment_status":"open","ping_status":"open","sticky":false,"template":"","format":"standard","meta":{"_et_pb_use_builder":"off","_et_pb_old_content":"","_et_gb_content_width":"","footnotes":""},"categories":[1],"tags":[],"yoast_head":"<!-- This site is optimized with the Yoast SEO plugin v23.1 - https:\/\/yoast.com\/wordpress\/plugins\/seo\/ -->\n<title>Horv\u00e1th Mil\u00e1n a Mez\u0151k\u00f6vesdben folytatja - F-group<\/title>\n<meta name=\"robots\" content=\"index, follow, max-snippet:-1, max-image-preview:large, max-video-preview:-1\" \/>\n<link rel=\"canonical\" href=\"https:\/\/www.f-group.hu\/hu\/2022\/07\/13\/horvath-milan-a-mezokovesdben-folytatja\/\" \/>\n<meta property=\"og:locale\" content=\"hu_HU\" \/>\n<meta property=\"og:type\" content=\"article\" \/>\n<meta property=\"og:title\" content=\"Horv\u00e1th Mil\u00e1n a Mez\u0151k\u00f6vesdben folytatja - F-group\" \/>\n<meta property=\"og:description\" content=\"A Mez\u0151k\u00f6vesd opci\u00f3s v\u00e1s\u00e1rl\u00e1si joggal egy \u00e9vre k\u00f6lcs\u00f6nvette a Budapest Honv\u00e9dt\u00f3l a 20 \u00e9ves Horv\u00e1th Mil\u00e1nt. Az ifj\u00fa k\u00f6z\u00e9ph\u00e1tv\u00e9d a legut\u00f3bbi k\u00e9t id\u00e9nyt Si\u00f3fokon t\u00f6lt\u00f6tte k\u00f6lcs\u00f6nben, ahol \u00f6sszesen 52 m\u00e1sodoszt\u00e1ly\u00fa bajnokin \u00e9s n\u00e9gy Magyar Kupa-m\u00e9rk\u0151z\u00e9sen l\u00e9pett p\u00e1ly\u00e1ra.A 193 centim\u00e9ter magas j\u00e1t\u00e9kos kor\u00e1bban szerepelt a magyar U16-os \u00e9s U17-es v\u00e1logatottban is.\" \/>\n<meta property=\"og:url\" content=\"https:\/\/www.f-group.hu\/hu\/2022\/07\/13\/horvath-milan-a-mezokovesdben-folytatja\/\" \/>\n<meta property=\"og:site_name\" content=\"F-group\" \/>\n<meta property=\"article:published_time\" content=\"2022-07-13T14:00:44+00:00\" \/>\n<meta property=\"article:modified_time\" content=\"2022-07-18T14:01:22+00:00\" \/>\n<meta property=\"og:image\" content=\"https:\/\/www.f-group.hu\/wp-content\/uploads\/2022\/07\/horvath-milan-ref.jpg\" \/>\n\t<meta property=\"og:image:width\" content=\"800\" \/>\n\t<meta property=\"og:image:height\" content=\"700\" \/>\n\t<meta property=\"og:image:type\" content=\"image\/jpeg\" \/>\n<meta name=\"author\" content=\"garanddesign\" \/>\n<meta name=\"twitter:card\" content=\"summary_large_image\" \/>\n<meta name=\"twitter:label1\" content=\"Szerz\u0151:\" \/>\n\t<meta name=\"twitter:data1\" content=\"garanddesign\" \/>\n\t<meta name=\"twitter:label2\" content=\"Becs\u00fclt olvas\u00e1si id\u0151\" \/>\n\t<meta name=\"twitter:data2\" content=\"1 perc\" \/>\n<script type=\"application\/ld+json\" class=\"yoast-schema-graph\">{\"@context\":\"https:\/\/schema.org\",\"@graph\":[{\"@type\":\"WebPage\",\"@id\":\"https:\/\/www.f-group.hu\/hu\/2022\/07\/13\/horvath-milan-a-mezokovesdben-folytatja\/\",\"url\":\"https:\/\/www.f-group.hu\/hu\/2022\/07\/13\/horvath-milan-a-mezokovesdben-folytatja\/\",\"name\":\"Horv\u00e1th Mil\u00e1n a Mez\u0151k\u00f6vesdben folytatja - F-group\",\"isPartOf\":{\"@id\":\"https:\/\/www.f-group.hu\/#website\"},\"primaryImageOfPage\":{\"@id\":\"https:\/\/www.f-group.hu\/hu\/2022\/07\/13\/horvath-milan-a-mezokovesdben-folytatja\/#primaryimage\"},\"image\":{\"@id\":\"https:\/\/www.f-group.hu\/hu\/2022\/07\/13\/horvath-milan-a-mezokovesdben-folytatja\/#primaryimage\"},\"thumbnailUrl\":\"https:\/\/www.f-group.hu\/wp-content\/uploads\/2022\/07\/horvath-milan-ref.jpg\",\"datePublished\":\"2022-07-13T14:00:44+00:00\",\"dateModified\":\"2022-07-18T14:01:22+00:00\",\"author\":{\"@id\":\"https:\/\/www.f-group.hu\/#\/schema\/person\/d9e3f0aad33bb45b1f4a26abaddeb3c6\"},\"breadcrumb\":{\"@id\":\"https:\/\/www.f-group.hu\/hu\/2022\/07\/13\/horvath-milan-a-mezokovesdben-folytatja\/#breadcrumb\"},\"inLanguage\":\"hu\",\"potentialAction\":[{\"@type\":\"ReadAction\",\"target\":[\"https:\/\/www.f-group.hu\/hu\/2022\/07\/13\/horvath-milan-a-mezokovesdben-folytatja\/\"]}]},{\"@type\":\"ImageObject\",\"inLanguage\":\"hu\",\"@id\":\"https:\/\/www.f-group.hu\/hu\/2022\/07\/13\/horvath-milan-a-mezokovesdben-folytatja\/#primaryimage\",\"url\":\"https:\/\/www.f-group.hu\/wp-content\/uploads\/2022\/07\/horvath-milan-ref.jpg\",\"contentUrl\":\"https:\/\/www.f-group.hu\/wp-content\/uploads\/2022\/07\/horvath-milan-ref.jpg\",\"width\":800,\"height\":700,\"caption\":\"horvath-milan-ref\"},{\"@type\":\"BreadcrumbList\",\"@id\":\"https:\/\/www.f-group.hu\/hu\/2022\/07\/13\/horvath-milan-a-mezokovesdben-folytatja\/#breadcrumb\",\"itemListElement\":[{\"@type\":\"ListItem\",\"position\":1,\"name\":\"Home\",\"item\":\"https:\/\/f-group.hu\/\"},{\"@type\":\"ListItem\",\"position\":2,\"name\":\"Horv\u00e1th Mil\u00e1n a Mez\u0151k\u00f6vesdben folytatja\"}]},{\"@type\":\"WebSite\",\"@id\":\"https:\/\/www.f-group.hu\/#website\",\"url\":\"https:\/\/www.f-group.hu\/\",\"name\":\"F-group\",\"description\":\"Professzion\u00e1lis j\u00e1t\u00e9kosmenedzsment\",\"potentialAction\":[{\"@type\":\"SearchAction\",\"target\":{\"@type\":\"EntryPoint\",\"urlTemplate\":\"https:\/\/www.f-group.hu\/?s={search_term_string}\"},\"query-input\":\"required name=search_term_string\"}],\"inLanguage\":\"hu\"},{\"@type\":\"Person\",\"@id\":\"https:\/\/www.f-group.hu\/#\/schema\/person\/d9e3f0aad33bb45b1f4a26abaddeb3c6\",\"name\":\"garanddesign\",\"image\":{\"@type\":\"ImageObject\",\"inLanguage\":\"hu\",\"@id\":\"https:\/\/www.f-group.hu\/#\/schema\/person\/image\/\",\"url\":\"https:\/\/secure.gravatar.com\/avatar\/ffbf9dcf27b7adbe0a7e413d1c0aff22?s=96&d=mm&r=g\",\"contentUrl\":\"https:\/\/secure.gravatar.com\/avatar\/ffbf9dcf27b7adbe0a7e413d1c0aff22?s=96&d=mm&r=g\",\"caption\":\"garanddesign\"},\"url\":\"https:\/\/www.f-group.hu\/hu\/author\/garanddesign\/\"}]}<\/script>\n<!-- \/ Yoast SEO plugin. -->","yoast_head_json":{"title":"Horv\u00e1th Mil\u00e1n a Mez\u0151k\u00f6vesdben folytatja - F-group","robots":{"index":"index","follow":"follow","max-snippet":"max-snippet:-1","max-image-preview":"max-image-preview:large","max-video-preview":"max-video-preview:-1"},"canonical":"https:\/\/www.f-group.hu\/hu\/2022\/07\/13\/horvath-milan-a-mezokovesdben-folytatja\/","og_locale":"hu_HU","og_type":"article","og_title":"Horv\u00e1th Mil\u00e1n a Mez\u0151k\u00f6vesdben folytatja - F-group","og_description":"A Mez\u0151k\u00f6vesd opci\u00f3s v\u00e1s\u00e1rl\u00e1si joggal egy \u00e9vre k\u00f6lcs\u00f6nvette a Budapest Honv\u00e9dt\u00f3l a 20 \u00e9ves Horv\u00e1th Mil\u00e1nt. Az ifj\u00fa k\u00f6z\u00e9ph\u00e1tv\u00e9d a legut\u00f3bbi k\u00e9t id\u00e9nyt Si\u00f3fokon t\u00f6lt\u00f6tte k\u00f6lcs\u00f6nben, ahol \u00f6sszesen 52 m\u00e1sodoszt\u00e1ly\u00fa bajnokin \u00e9s n\u00e9gy Magyar Kupa-m\u00e9rk\u0151z\u00e9sen l\u00e9pett p\u00e1ly\u00e1ra.A 193 centim\u00e9ter magas j\u00e1t\u00e9kos kor\u00e1bban szerepelt a magyar U16-os \u00e9s U17-es v\u00e1logatottban is.","og_url":"https:\/\/www.f-group.hu\/hu\/2022\/07\/13\/horvath-milan-a-mezokovesdben-folytatja\/","og_site_name":"F-group","article_published_time":"2022-07-13T14:00:44+00:00","article_modified_time":"2022-07-18T14:01:22+00:00","og_image":[{"width":800,"height":700,"url":"https:\/\/www.f-group.hu\/wp-content\/uploads\/2022\/07\/horvath-milan-ref.jpg","type":"image\/jpeg"}],"author":"garanddesign","twitter_card":"summary_large_image","twitter_misc":{"Szerz\u0151:":"garanddesign","Becs\u00fclt olvas\u00e1si id\u0151":"1 perc"},"schema":{"@context":"https:\/\/schema.org","@graph":[{"@type":"WebPage","@id":"https:\/\/www.f-group.hu\/hu\/2022\/07\/13\/horvath-milan-a-mezokovesdben-folytatja\/","url":"https:\/\/www.f-group.hu\/hu\/2022\/07\/13\/horvath-milan-a-mezokovesdben-folytatja\/","name":"Horv\u00e1th Mil\u00e1n a Mez\u0151k\u00f6vesdben folytatja - F-group","isPartOf":{"@id":"https:\/\/www.f-group.hu\/#website"},"primaryImageOfPage":{"@id":"https:\/\/www.f-group.hu\/hu\/2022\/07\/13\/horvath-milan-a-mezokovesdben-folytatja\/#primaryimage"},"image":{"@id":"https:\/\/www.f-group.hu\/hu\/2022\/07\/13\/horvath-milan-a-mezokovesdben-folytatja\/#primaryimage"},"thumbnailUrl":"https:\/\/www.f-group.hu\/wp-content\/uploads\/2022\/07\/horvath-milan-ref.jpg","datePublished":"2022-07-13T14:00:44+00:00","dateModified":"2022-07-18T14:01:22+00:00","author":{"@id":"https:\/\/www.f-group.hu\/#\/schema\/person\/d9e3f0aad33bb45b1f4a26abaddeb3c6"},"breadcrumb":{"@id":"https:\/\/www.f-group.hu\/hu\/2022\/07\/13\/horvath-milan-a-mezokovesdben-folytatja\/#breadcrumb"},"inLanguage":"hu","potentialAction":[{"@type":"ReadAction","target":["https:\/\/www.f-group.hu\/hu\/2022\/07\/13\/horvath-milan-a-mezokovesdben-folytatja\/"]}]},{"@type":"ImageObject","inLanguage":"hu","@id":"https:\/\/www.f-group.hu\/hu\/2022\/07\/13\/horvath-milan-a-mezokovesdben-folytatja\/#primaryimage","url":"https:\/\/www.f-group.hu\/wp-content\/uploads\/2022\/07\/horvath-milan-ref.jpg","contentUrl":"https:\/\/www.f-group.hu\/wp-content\/uploads\/2022\/07\/horvath-milan-ref.jpg","width":800,"height":700,"caption":"horvath-milan-ref"},{"@type":"BreadcrumbList","@id":"https:\/\/www.f-group.hu\/hu\/2022\/07\/13\/horvath-milan-a-mezokovesdben-folytatja\/#breadcrumb","itemListElement":[{"@type":"ListItem","position":1,"name":"Home","item":"https:\/\/f-group.hu\/"},{"@type":"ListItem","position":2,"name":"Horv\u00e1th Mil\u00e1n a Mez\u0151k\u00f6vesdben folytatja"}]},{"@type":"WebSite","@id":"https:\/\/www.f-group.hu\/#website","url":"https:\/\/www.f-group.hu\/","name":"F-group","description":"Professzion\u00e1lis j\u00e1t\u00e9kosmenedzsment","potentialAction":[{"@type":"SearchAction","target":{"@type":"EntryPoint","urlTemplate":"https:\/\/www.f-group.hu\/?s={search_term_string}"},"query-input":"required name=search_term_string"}],"inLanguage":"hu"},{"@type":"Person","@id":"https:\/\/www.f-group.hu\/#\/schema\/person\/d9e3f0aad33bb45b1f4a26abaddeb3c6","name":"garanddesign","image":{"@type":"ImageObject","inLanguage":"hu","@id":"https:\/\/www.f-group.hu\/#\/schema\/person\/image\/","url":"https:\/\/secure.gravatar.com\/avatar\/ffbf9dcf27b7adbe0a7e413d1c0aff22?s=96&d=mm&r=g","contentUrl":"https:\/\/secure.gravatar.com\/avatar\/ffbf9dcf27b7adbe0a7e413d1c0aff22?s=96&d=mm&r=g","caption":"garanddesign"},"url":"https:\/\/www.f-group.hu\/hu\/author\/garanddesign\/"}]}},"jetpack_featured_media_url":"https:\/\/www.f-group.hu\/wp-content\/uploads\/2022\/07\/horvath-milan-ref.jpg","_links":{"self":[{"href":"https:\/\/www.f-group.hu\/hu\/wp-json\/wp\/v2\/posts\/798"}],"collection":[{"href":"https:\/\/www.f-group.hu\/hu\/wp-json\/wp\/v2\/posts"}],"about":[{"href":"https:\/\/www.f-group.hu\/hu\/wp-json\/wp\/v2\/types\/post"}],"author":[{"embeddable":true,"href":"https:\/\/www.f-group.hu\/hu\/wp-json\/wp\/v2\/users\/4"}],"replies":[{"embeddable":true,"href":"https:\/\/www.f-group.hu\/hu\/wp-json\/wp\/v2\/comments?post=798"}],"version-history":[{"count":2,"href":"https:\/\/www.f-group.hu\/hu\/wp-json\/wp\/v2\/posts\/798\/revisions"}],"predecessor-version":[{"id":808,"href":"https:\/\/www.f-group.hu\/hu\/wp-json\/wp\/v2\/posts\/798\/revisions\/808"}],"wp:featuredmedia":[{"embeddable":true,"href":"https:\/\/www.f-group.hu\/hu\/wp-json\/wp\/v2\/media\/801"}],"wp:attachment":[{"href":"https:\/\/www.f-group.hu\/hu\/wp-json\/wp\/v2\/media?parent=798"}],"wp:term":[{"taxonomy":"category","embeddable":true,"href":"https:\/\/www.f-group.hu\/hu\/wp-json\/wp\/v2\/categories?post=798"},{"taxonomy":"post_tag","embeddable":true,"href":"https:\/\/www.f-group.hu\/hu\/wp-json\/wp\/v2\/tags?post=798"}],"curies":[{"name":"wp","href":"https:\/\/api.w.org\/{rel}","templated":true}]}}